{"id":6617,"date":"2019-07-28T13:41:05","date_gmt":"2019-07-28T11:41:05","guid":{"rendered":"http:\/\/lesmaconsdelacreuse.fr\/annuaire\/?p=6617"},"modified":"2020-10-14T10:13:44","modified_gmt":"2020-10-14T08:13:44","slug":"l_859","status":"publish","type":"post","link":"https:\/\/www.lesmaconsdelacreuse.fr\/annuaires\/lettre-l\/l_859\/","title":{"rendered":"LECLERC Jean (d\u00e9c\u00e9d\u00e9 apr\u00e8s 1837)"},"content":{"rendered":"<p class=\"last-updated\"><strong>Mis \u00e0 jour le :<\/strong> 27\/04\/2026<\/p><h2 style=\"text-align: center;\"><strong>Jean LECLERC<\/strong><\/h2>\n<p style=\"text-align: center;\"><strong>d\u00e9c\u00e9d\u00e9 apr\u00e8s 1837<\/strong><\/p>\n<p style=\"text-align: center;\"><img decoding=\"async\" title=\"\" src=\"https:\/\/lesmaconsdelacreuse.fr\/annuaire\/wp-content\/uploads\/2019\/07\/image1-1644.jpg\" alt=\"\" data-source-id=\"i.0\" data-asset-id=\"6612\" \/><\/p>\n<h4 style=\"text-align: center;\"><strong><span style=\"color: #008000;\">\u25ba\u00a0<a href=\"https:\/\/www.lesmaconsdelacreuse.fr\/annuaires\/wp-content\/uploads\/2020\/07\/MA\u00ceTRE-MA\u00c7ON.png\" target=\"_blank\" rel=\"noopener noreferrer\"><span style=\"color: #008000;\">ma\u00eetre ma\u00e7on<\/span><\/a><\/span><\/strong><\/h4>\n<p style=\"text-align: center;\"><span style=\"color: #ffffff;\">\u25d9<\/span><\/p>\n<p>\u25ba<a href=\"https:\/\/www.lesmaconsdelacreuse.fr\/annuaires\/\/wp-content\/uploads\/DOCUMENTS\/1833_-_Adjucation_pour_reparations_a_leglise_de_Royere.pdf\" target=\"_blank\" rel=\"noopener noreferrer\"><span style=\"color: #000000;\"><strong>En 1833<\/strong><\/span><\/a><em><span style=\"color: #000000;\"><strong>,<\/strong><\/span> Jean participe \u00e0 l\u2019adjudication de travaux pour \u25ba<a href=\"https:\/\/www.lesmaconsdelacreuse.fr\/annuaires\/\/wp-content\/uploads\/PHOTOS_-_CARTES_POSTALES\/ROYERE_-_leglise.jpg\" target=\"_blank\" rel=\"noopener noreferrer\">l\u2019\u00e9glise<\/a> et la sacristie de Roy\u00e8re, mais il ne l\u2019emporte pas.<\/em><\/p>\n<p>\u25ba<span style=\"color: #000000;\"><strong><a style=\"color: #000000;\" href=\"https:\/\/www.lesmaconsdelacreuse.fr\/annuaires\/\/wp-content\/uploads\/DOCUMENTS\/1837_-_Leonard_BELLARBRE_adjudicataire.pdf\" target=\"_blank\" rel=\"noopener noreferrer\">En 1837<\/a><\/strong><\/span><em>, il participe de m\u00eame sans succ\u00e8s \u00e0 l\u2019adjudication de travaux \u00e0 l\u2019\u00e9glise et au presbyt\u00e8re de Roy\u00e8re.<\/em><\/p>\n<p><em>Non identifi\u00e9.<\/em><\/p>\n<p>&nbsp;<\/p>\n","protected":false},"excerpt":{"rendered":"<p>Mis \u00e0 jour le : 27\/04\/2026Jean LECLERC d\u00e9c\u00e9d\u00e9 apr\u00e8s 1837 \u25ba\u00a0ma\u00eetre ma\u00e7on \u25d9 \u25baEn 1833, Jean participe \u00e0 l\u2019adjudication de travaux pour \u25bal\u2019\u00e9glise et la sacristie de Roy\u00e8re, mais il ne l\u2019emporte pas. \u25baEn 1837, il participe de m\u00eame sans succ\u00e8s \u00e0 l\u2019adjudication de travaux \u00e0 l\u2019\u00e9glise et au presbyt\u00e8re de Roy\u00e8re. Non identifi..<\/p>\n<div class=\"clear-fix\"><\/div>\n<p><a href=\"https:\/\/www.lesmaconsdelacreuse.fr\/annuaires\/lettre-l\/l_859\/\" title=\"Lire la suite...\">Lire la suite<\/a><\/p>\n","protected":false},"author":6,"featured_media":0,"comment_status":"closed","ping_status":"closed","sticky":false,"template":"","format":"standard","meta":{"_acf_changed":false,"_exactmetrics_skip_tracking":false,"_exactmetrics_sitenote_active":false,"_exactmetrics_sitenote_note":"","_exactmetrics_sitenote_category":0,"footnotes":""},"categories":[19],"tags":[],"class_list":["post-6617","post","type-post","status-publish","format-standard","hentry","category-lettre-l"],"acf":[],"_links":{"self":[{"href":"https:\/\/www.lesmaconsdelacreuse.fr\/annuaires\/wp-json\/wp\/v2\/posts\/6617","targetHints":{"allow":["GET"]}}],"collection":[{"href":"https:\/\/www.lesmaconsdelacreuse.fr\/annuaires\/wp-json\/wp\/v2\/posts"}],"about":[{"href":"https:\/\/www.lesmaconsdelacreuse.fr\/annuaires\/wp-json\/wp\/v2\/types\/post"}],"author":[{"embeddable":true,"href":"https:\/\/www.lesmaconsdelacreuse.fr\/annuaires\/wp-json\/wp\/v2\/users\/6"}],"replies":[{"embeddable":true,"href":"https:\/\/www.lesmaconsdelacreuse.fr\/annuaires\/wp-json\/wp\/v2\/comments?post=6617"}],"version-history":[{"count":0,"href":"https:\/\/www.lesmaconsdelacreuse.fr\/annuaires\/wp-json\/wp\/v2\/posts\/6617\/revisions"}],"wp:attachment":[{"href":"https:\/\/www.lesmaconsdelacreuse.fr\/annuaires\/wp-json\/wp\/v2\/media?parent=6617"}],"wp:term":[{"taxonomy":"category","embeddable":true,"href":"https:\/\/www.lesmaconsdelacreuse.fr\/annuaires\/wp-json\/wp\/v2\/categories?post=6617"},{"taxonomy":"post_tag","embeddable":true,"href":"https:\/\/www.lesmaconsdelacreuse.fr\/annuaires\/wp-json\/wp\/v2\/tags?post=6617"}],"curies":[{"name":"wp","href":"https:\/\/api.w.org\/{rel}","templated":true}]}}