{"id":6627,"date":"2019-07-28T13:41:05","date_gmt":"2019-07-28T11:41:05","guid":{"rendered":"http:\/\/lesmaconsdelacreuse.fr\/annuaire\/?p=6627"},"modified":"2020-10-03T13:44:14","modified_gmt":"2020-10-03T11:44:14","slug":"l_854","status":"publish","type":"post","link":"https:\/\/www.lesmaconsdelacreuse.fr\/annuaires\/lettre-l\/l_854\/","title":{"rendered":"LECLERC Guillaume (1841-1910)"},"content":{"rendered":"<p class=\"last-updated\"><strong>Mis \u00e0 jour le :<\/strong> 27\/04\/2026<\/p><h2 style=\"text-align: center;\"><strong>Guillaume LECLERC<\/strong><\/h2>\n<p style=\"text-align: center;\"><strong>Guillaume LECLAIR<\/strong><\/p>\n<p style=\"text-align: center;\"><strong>1841 \u2013 1910<\/strong><\/p>\n<p style=\"text-align: center;\"><img decoding=\"async\" title=\"\" src=\"https:\/\/lesmaconsdelacreuse.fr\/annuaire\/wp-content\/uploads\/2019\/07\/image1-1649.jpg\" alt=\"\" data-source-id=\"i.0\" data-asset-id=\"6626\" \/><\/p>\n<h4 style=\"text-align: center;\"><span style=\"color: #008000;\"><strong>ma\u00e7on <\/strong>et <strong>propri\u00e9taire cultivateur<\/strong><\/span><\/h4>\n<p>&nbsp;<\/p>\n<p style=\"text-align: center;\">n\u00e9 \u00e0 Pert (Beaumont)<\/p>\n<p style=\"text-align: center;\">le 9 mai 1841<\/p>\n<p style=\"text-align: center;\">fils de<\/p>\n<p style=\"text-align: center;\">Joseph LECLERC, \u25ba<a href=\"https:\/\/www.lesmaconsdelacreuse.fr\/annuaires\/wp-content\/uploads\/2020\/08\/SCIEUR-DE-LONG.png\" target=\"_blank\" rel=\"noopener noreferrer\">scieur de long<\/a><\/p>\n<p style=\"text-align: center;\">Isabelle HUGUET, cultivatrice<\/p>\n<p style=\"text-align: center;\"><span style=\"color: #ffffff;\">\u25d9<\/span><\/p>\n<p><em>Guillaume \u00e9pouse Marguerite <\/em><strong>LEBRAUD<\/strong><em>, tisserande, le 14 f\u00e9vrier <\/em><strong>1867<\/strong> <em>\u00e0 Roy\u00e8re (contrat Toumieux).<\/em><\/p>\n<p><em> Ils vivent d\u2019abord \u00e0 Andaleix. <\/em><\/p>\n<p><em>Ils d\u00e9c\u00e8dent aux Bordes, m\u00eame commune\u00a0:<\/em><\/p>\n<ul>\n<li><em>Guillaume, le 3 ao\u00fbt <\/em><strong>1910<\/strong><em>, \u00e2g\u00e9 de 69 ans<\/em><\/li>\n<li><em>Marguerite, le 12 septembre <\/em><strong>1914<\/strong><em>, \u00e2g\u00e9e de 70 ans<\/em><\/li>\n<\/ul>\n<p>&nbsp;<\/p>\n","protected":false},"excerpt":{"rendered":"<p>Mis \u00e0 jour le : 27\/04\/2026Guillaume LECLERC Guillaume LECLAIR 1841 \u2013 1910 ma\u00e7on et propri\u00e9taire cultivateur &nbsp; n\u00e9 \u00e0 Pert (Beaumont) le 9 mai 1841 fils de Joseph LECLERC, \u25bascieur de long Isabelle HUGUET, cultivatrice \u25d9 Guillaume \u00e9pouse Marguerite LEBRAUD, tisserande, le 14 f\u00e9vrier 1867 \u00e0 Roy\u00e8re (contrat Toumieux). Ils vivent d\u2019abord \u00e0 Andaleix. Ils ..<\/p>\n<div class=\"clear-fix\"><\/div>\n<p><a href=\"https:\/\/www.lesmaconsdelacreuse.fr\/annuaires\/lettre-l\/l_854\/\" title=\"Lire la suite...\">Lire la suite<\/a><\/p>\n","protected":false},"author":6,"featured_media":0,"comment_status":"closed","ping_status":"closed","sticky":false,"template":"","format":"standard","meta":{"_acf_changed":false,"_exactmetrics_skip_tracking":false,"_exactmetrics_sitenote_active":false,"_exactmetrics_sitenote_note":"","_exactmetrics_sitenote_category":0,"footnotes":""},"categories":[19],"tags":[],"class_list":["post-6627","post","type-post","status-publish","format-standard","hentry","category-lettre-l"],"acf":[],"_links":{"self":[{"href":"https:\/\/www.lesmaconsdelacreuse.fr\/annuaires\/wp-json\/wp\/v2\/posts\/6627","targetHints":{"allow":["GET"]}}],"collection":[{"href":"https:\/\/www.lesmaconsdelacreuse.fr\/annuaires\/wp-json\/wp\/v2\/posts"}],"about":[{"href":"https:\/\/www.lesmaconsdelacreuse.fr\/annuaires\/wp-json\/wp\/v2\/types\/post"}],"author":[{"embeddable":true,"href":"https:\/\/www.lesmaconsdelacreuse.fr\/annuaires\/wp-json\/wp\/v2\/users\/6"}],"replies":[{"embeddable":true,"href":"https:\/\/www.lesmaconsdelacreuse.fr\/annuaires\/wp-json\/wp\/v2\/comments?post=6627"}],"version-history":[{"count":0,"href":"https:\/\/www.lesmaconsdelacreuse.fr\/annuaires\/wp-json\/wp\/v2\/posts\/6627\/revisions"}],"wp:attachment":[{"href":"https:\/\/www.lesmaconsdelacreuse.fr\/annuaires\/wp-json\/wp\/v2\/media?parent=6627"}],"wp:term":[{"taxonomy":"category","embeddable":true,"href":"https:\/\/www.lesmaconsdelacreuse.fr\/annuaires\/wp-json\/wp\/v2\/categories?post=6627"},{"taxonomy":"post_tag","embeddable":true,"href":"https:\/\/www.lesmaconsdelacreuse.fr\/annuaires\/wp-json\/wp\/v2\/tags?post=6627"}],"curies":[{"name":"wp","href":"https:\/\/api.w.org\/{rel}","templated":true}]}}