{"id":6633,"date":"2019-07-28T13:41:04","date_gmt":"2019-07-28T11:41:04","guid":{"rendered":"http:\/\/lesmaconsdelacreuse.fr\/annuaire\/?p=6633"},"modified":"2020-01-20T11:27:30","modified_gmt":"2020-01-20T10:27:30","slug":"l_843","status":"publish","type":"post","link":"https:\/\/www.lesmaconsdelacreuse.fr\/annuaires\/lettre-l\/l_843\/","title":{"rendered":"LEBRETTE L\u00e9onard (1807-1878)"},"content":{"rendered":"<p class=\"last-updated\"><strong>Mis \u00e0 jour le :<\/strong> 28\/04\/2026<\/p><h2 style=\"text-align: center;\"><strong>L\u00e9onard LEBRETTE<\/strong><\/h2>\n<p style=\"text-align: center;\"><strong>1807 &#8211; 1878<\/strong><\/p>\n<p style=\"text-align: center;\"><img decoding=\"async\" title=\"\" src=\"https:\/\/lesmaconsdelacreuse.fr\/annuaire\/wp-content\/uploads\/2019\/07\/image1-1651.jpg\" alt=\"\" data-source-id=\"i.0\" data-asset-id=\"6631\" \/><\/p>\n<h4 style=\"text-align: center;\"><span style=\"color: #008000;\"><strong>ma\u00e7on <\/strong>et<strong> cultivateur<\/strong><\/span><\/h4>\n<p style=\"text-align: center;\">n\u00e9 au bourg de Saint-Moreil<\/p>\n<p style=\"text-align: center;\">le 30 janvier 1807<\/p>\n<p style=\"text-align: center;\">fils de<\/p>\n<p style=\"text-align: center;\">Jean LEBRETTE \/ Marguerite LARDELIER<\/p>\n<p style=\"text-align: center;\">cultivateurs<\/p>\n<p style=\"text-align: center;\"><span style=\"color: #ffffff;\">\u25d9<\/span><\/p>\n<p><em>L\u00e9onard \u00e9pouse Jeanne <\/em><strong>LASFARGEAS <\/strong><em>le 5 mars <\/em><strong>1833<\/strong><em> \u00e0 Saint-Moreil.<\/em><\/p>\n<p><em> Ils habitent le bourg de Saint-Moreil.<\/em><\/p>\n<p><em> Ils testent tous deux le 14 mai <\/em><strong>1838<\/strong><em> devant Me Berger de Bourganeuf, puis, tous deux encore, le 3 mars <\/em><strong>1855<\/strong><em> devant Me Faure de Saint-Martin-Ch\u00e2teau.<\/em><\/p>\n<p><em> L\u00e9onard d\u00e9c\u00e8de \u00e0 Saint-Moreil le 26 mars <\/em><strong>1878<\/strong><em>, \u00e2g\u00e9 de 71 ans. <\/em><\/p>\n","protected":false},"excerpt":{"rendered":"<p>Mis \u00e0 jour le : 28\/04\/2026L\u00e9onard LEBRETTE 1807 &#8211; 1878 ma\u00e7on et cultivateur n\u00e9 au bourg de Saint-Moreil le 30 janvier 1807 fils de Jean LEBRETTE \/ Marguerite LARDELIER cultivateurs \u25d9 L\u00e9onard \u00e9pouse Jeanne LASFARGEAS le 5 mars 1833 \u00e0 Saint-Moreil. Ils habitent le bourg de Saint-Moreil. Ils testent tous deux le 14 mai 1838 ..<\/p>\n<div class=\"clear-fix\"><\/div>\n<p><a href=\"https:\/\/www.lesmaconsdelacreuse.fr\/annuaires\/lettre-l\/l_843\/\" title=\"Lire la suite...\">Lire la suite<\/a><\/p>\n","protected":false},"author":6,"featured_media":0,"comment_status":"closed","ping_status":"closed","sticky":false,"template":"","format":"standard","meta":{"_acf_changed":false,"_exactmetrics_skip_tracking":false,"_exactmetrics_sitenote_active":false,"_exactmetrics_sitenote_note":"","_exactmetrics_sitenote_category":0,"footnotes":""},"categories":[19],"tags":[],"class_list":["post-6633","post","type-post","status-publish","format-standard","hentry","category-lettre-l"],"acf":[],"_links":{"self":[{"href":"https:\/\/www.lesmaconsdelacreuse.fr\/annuaires\/wp-json\/wp\/v2\/posts\/6633","targetHints":{"allow":["GET"]}}],"collection":[{"href":"https:\/\/www.lesmaconsdelacreuse.fr\/annuaires\/wp-json\/wp\/v2\/posts"}],"about":[{"href":"https:\/\/www.lesmaconsdelacreuse.fr\/annuaires\/wp-json\/wp\/v2\/types\/post"}],"author":[{"embeddable":true,"href":"https:\/\/www.lesmaconsdelacreuse.fr\/annuaires\/wp-json\/wp\/v2\/users\/6"}],"replies":[{"embeddable":true,"href":"https:\/\/www.lesmaconsdelacreuse.fr\/annuaires\/wp-json\/wp\/v2\/comments?post=6633"}],"version-history":[{"count":0,"href":"https:\/\/www.lesmaconsdelacreuse.fr\/annuaires\/wp-json\/wp\/v2\/posts\/6633\/revisions"}],"wp:attachment":[{"href":"https:\/\/www.lesmaconsdelacreuse.fr\/annuaires\/wp-json\/wp\/v2\/media?parent=6633"}],"wp:term":[{"taxonomy":"category","embeddable":true,"href":"https:\/\/www.lesmaconsdelacreuse.fr\/annuaires\/wp-json\/wp\/v2\/categories?post=6633"},{"taxonomy":"post_tag","embeddable":true,"href":"https:\/\/www.lesmaconsdelacreuse.fr\/annuaires\/wp-json\/wp\/v2\/tags?post=6633"}],"curies":[{"name":"wp","href":"https:\/\/api.w.org\/{rel}","templated":true}]}}