{"id":6641,"date":"2019-07-28T13:41:03","date_gmt":"2019-07-28T11:41:03","guid":{"rendered":"http:\/\/lesmaconsdelacreuse.fr\/annuaire\/?p=6641"},"modified":"2020-10-14T10:14:13","modified_gmt":"2020-10-14T08:14:13","slug":"l_867","status":"publish","type":"post","link":"https:\/\/www.lesmaconsdelacreuse.fr\/annuaires\/lettre-l\/l_867\/","title":{"rendered":"LECLERC Jean (1833-1878)"},"content":{"rendered":"<p class=\"last-updated\"><strong>Mis \u00e0 jour le :<\/strong> 28\/04\/2026<\/p><h2 style=\"text-align: center;\"><strong>Jean LECLERC<\/strong><\/h2>\n<p style=\"text-align: center;\"><strong>1833 \u2013 1878<\/strong><\/p>\n<p style=\"text-align: center;\"><img decoding=\"async\" title=\"\" src=\"https:\/\/lesmaconsdelacreuse.fr\/annuaire\/wp-content\/uploads\/2019\/07\/image1-1654.jpg\" alt=\"\" data-source-id=\"i.0\" data-asset-id=\"6636\" \/><\/p>\n<h4 style=\"text-align: center;\"><span style=\"color: #008000;\"><strong>\u25ba\u00a0<\/strong><a href=\"https:\/\/www.lesmaconsdelacreuse.fr\/annuaires\/wp-content\/uploads\/2020\/07\/MA\u00ceTRE-MA\u00c7ON.png\" target=\"_blank\" rel=\"noopener noreferrer\"><strong><span style=\"color: #008000;\">ma\u00eetre ma\u00e7on<\/span><\/strong><\/a><em>, <\/em><strong>chef<\/strong> <strong>d\u2019atelier<\/strong>;\u00a0<strong>propri\u00e9taire cultivateur<\/strong><\/span><\/h4>\n<p>&nbsp;<\/p>\n<p style=\"text-align: center;\">n\u00e9 au Picq (Roy\u00e8re)<\/p>\n<p style=\"text-align: center;\">le 23 novembre 1833<\/p>\n<p style=\"text-align: center;\">fils de<\/p>\n<p style=\"text-align: center;\">Jean LECLERC, <span style=\"color: #008000;\"><strong>ma\u00e7on<\/strong><\/span><\/p>\n<p style=\"text-align: center;\">L\u00e9onarde FAVAUD, cultivatrice<\/p>\n<p style=\"text-align: center;\"><span style=\"color: #ffffff;\">\u25d9<\/span><\/p>\n<p><strong>En 1854<\/strong><em>, Jean, p\u00e8re de Jean, verse 800 F \u00e0 une \u25ba<a href=\"https:\/\/www.lesmaconsdelacreuse.fr\/annuaires\/wp-content\/uploads\/2020\/08\/BOURSE-ou-TONTINE.png\" target=\"_blank\" rel=\"noopener noreferrer\">tontine<\/a>, au cas o\u00f9 celui-ci tirerait un mauvais num\u00e9ro.<\/em><\/p>\n<p><em>Jean, <\/em><span style=\"color: #008000;\"><strong>ma\u00e7on<\/strong><\/span><em>, \u00e9pouse Marguerite Marie <\/em><strong>BROUSSAS<\/strong><em> le 26 f\u00e9vrier <\/em><strong>1857<\/strong><em> \u00e0 Roy\u00e8re (contrat JB Junien Faure de Saint-Martin-Ch\u00e2teau). Le couple vit au Picq. <\/em><\/p>\n<p><em>Marie y d\u00e9c\u00e8de le 19 ao\u00fbt <\/em><strong>1859<\/strong><em>, \u00e2g\u00e9e de 21 ans.<\/em><\/p>\n<p><em> Jean se remarie avec Marie-Anne <\/em><strong>NICOUT<\/strong><em> le 5 mars <\/em><strong>1861<\/strong><em>, toujours \u00e0 Roy\u00e8re (contrat m\u00eame notaire). Ils vivent \u00e9galement au Picq.<\/em><\/p>\n<p><strong>En 1874<\/strong><em>, Jean est <\/em><span style=\"color: #008000;\"><strong>chef d\u2019atelier<\/strong><\/span><em>.<\/em><\/p>\n<p><em>Les \u00e9poux d\u00e9c\u00e8dent au Picq\u00a0:<\/em><\/p>\n<ul>\n<li><em>Jean, le 15 juin <\/em><strong>1878<\/strong><em>, \u00e2g\u00e9 de 44 ans, \u00ab\u00a0en\u00a0 son vivant <\/em><span style=\"color: #008000;\"><strong>ma\u00eetre ma\u00e7on<\/strong><\/span><em> \u00e0 <\/em><strong><span style=\"color: #0000ff;\">Lyon<\/span> <em>\u00bb<\/em> <span style=\"color: #0000ff;\">(69)<\/span><\/strong><em><br \/>\n<\/em><\/li>\n<li><em> Marie-Anne, le 19 d\u00e9cembre <\/em><strong>1920<\/strong>,<em> \u00e2g\u00e9e de 88 ans<\/em><\/li>\n<\/ul>\n<p>&nbsp;<\/p>\n","protected":false},"excerpt":{"rendered":"<p>Mis \u00e0 jour le : 28\/04\/2026Jean LECLERC 1833 \u2013 1878 \u25ba\u00a0ma\u00eetre ma\u00e7on, chef d\u2019atelier;\u00a0propri\u00e9taire cultivateur &nbsp; n\u00e9 au Picq (Roy\u00e8re) le 23 novembre 1833 fils de Jean LECLERC, ma\u00e7on L\u00e9onarde FAVAUD, cultivatrice \u25d9 En 1854, Jean, p\u00e8re de Jean, verse 800 F \u00e0 une \u25batontine, au cas o\u00f9 celui-ci tirerait un mauvais num\u00e9ro. Jean, ma\u00e7on, ..<\/p>\n<div class=\"clear-fix\"><\/div>\n<p><a href=\"https:\/\/www.lesmaconsdelacreuse.fr\/annuaires\/lettre-l\/l_867\/\" title=\"Lire la suite...\">Lire la suite<\/a><\/p>\n","protected":false},"author":6,"featured_media":0,"comment_status":"closed","ping_status":"closed","sticky":false,"template":"","format":"standard","meta":{"_acf_changed":false,"_exactmetrics_skip_tracking":false,"_exactmetrics_sitenote_active":false,"_exactmetrics_sitenote_note":"","_exactmetrics_sitenote_category":0,"footnotes":""},"categories":[19],"tags":[],"class_list":["post-6641","post","type-post","status-publish","format-standard","hentry","category-lettre-l"],"acf":[],"_links":{"self":[{"href":"https:\/\/www.lesmaconsdelacreuse.fr\/annuaires\/wp-json\/wp\/v2\/posts\/6641","targetHints":{"allow":["GET"]}}],"collection":[{"href":"https:\/\/www.lesmaconsdelacreuse.fr\/annuaires\/wp-json\/wp\/v2\/posts"}],"about":[{"href":"https:\/\/www.lesmaconsdelacreuse.fr\/annuaires\/wp-json\/wp\/v2\/types\/post"}],"author":[{"embeddable":true,"href":"https:\/\/www.lesmaconsdelacreuse.fr\/annuaires\/wp-json\/wp\/v2\/users\/6"}],"replies":[{"embeddable":true,"href":"https:\/\/www.lesmaconsdelacreuse.fr\/annuaires\/wp-json\/wp\/v2\/comments?post=6641"}],"version-history":[{"count":0,"href":"https:\/\/www.lesmaconsdelacreuse.fr\/annuaires\/wp-json\/wp\/v2\/posts\/6641\/revisions"}],"wp:attachment":[{"href":"https:\/\/www.lesmaconsdelacreuse.fr\/annuaires\/wp-json\/wp\/v2\/media?parent=6641"}],"wp:term":[{"taxonomy":"category","embeddable":true,"href":"https:\/\/www.lesmaconsdelacreuse.fr\/annuaires\/wp-json\/wp\/v2\/categories?post=6641"},{"taxonomy":"post_tag","embeddable":true,"href":"https:\/\/www.lesmaconsdelacreuse.fr\/annuaires\/wp-json\/wp\/v2\/tags?post=6641"}],"curies":[{"name":"wp","href":"https:\/\/api.w.org\/{rel}","templated":true}]}}