{"id":6655,"date":"2019-07-28T13:41:02","date_gmt":"2019-07-28T11:41:02","guid":{"rendered":"http:\/\/lesmaconsdelacreuse.fr\/annuaire\/?p=6655"},"modified":"2020-01-20T11:27:34","modified_gmt":"2020-01-20T10:27:34","slug":"l_823","status":"publish","type":"post","link":"https:\/\/www.lesmaconsdelacreuse.fr\/annuaires\/lettre-l\/l_823\/","title":{"rendered":"LEBRAUD Louis (1824-1902)"},"content":{"rendered":"<p class=\"last-updated\"><strong>Mis \u00e0 jour le :<\/strong> 28\/04\/2026<\/p><h2 style=\"text-align: center;\"><strong>Louis LEBRAUD<\/strong><\/h2>\n<p style=\"text-align: center;\"><strong>1824 \u2013 1902<\/strong><\/p>\n<p style=\"text-align: center;\"><img decoding=\"async\" title=\"\" src=\"https:\/\/lesmaconsdelacreuse.fr\/annuaire\/wp-content\/uploads\/2019\/07\/image1-1660.jpg\" alt=\"\" data-source-id=\"i.0\" data-asset-id=\"6653\" \/><\/p>\n<h4 style=\"text-align: center;\"><span style=\"color: #008000;\"><strong>ma\u00e7on <\/strong>et <strong>propri\u00e9taire cultivateur<\/strong><\/span><\/h4>\n<p style=\"text-align: center;\">n\u00e9 \u00e0 Orladeix (Roy\u00e8re)<\/p>\n<p style=\"text-align: center;\">le 10 novembre 1824<\/p>\n<p style=\"text-align: center;\">fils de<\/p>\n<p style=\"text-align: center;\">Martial LEBRAUD, <span style=\"color: #008000;\"><strong>ma\u00e7on<\/strong><\/span><\/p>\n<p style=\"text-align: center;\">Marie LENOIR, cultivatrice<\/p>\n<p style=\"text-align: center;\"><span style=\"color: #ffffff;\">\u25d9<\/span><\/p>\n<p><em>Louis \u00e9pouse Marie <\/em><strong>NOTTE<\/strong><em> le 3 f\u00e9vrier <\/em><strong>1848<\/strong><em> \u00e0 Roy\u00e8re (contrat Faure \u00e0 Saint-Martin-Ch\u00e2teau).<\/em><\/p>\n<p><em> Ils habitent divers villages de la commune.<\/em><\/p>\n<p><em>Ils d\u00e9c\u00e8dent \u00e0 La Mazure\u00a0:<\/em><\/p>\n<ul>\n<li><em>Louis, le 7 mars <\/em><strong>1902<\/strong><em>, \u00e2g\u00e9 de 77 ans<\/em><\/li>\n<li><em>Marie, le 30 janvier <\/em><strong>1915<\/strong><em>, \u00e2g\u00e9e de 86 ans<\/em><\/li>\n<\/ul>\n","protected":false},"excerpt":{"rendered":"<p>Mis \u00e0 jour le : 28\/04\/2026Louis LEBRAUD 1824 \u2013 1902 ma\u00e7on et propri\u00e9taire cultivateur n\u00e9 \u00e0 Orladeix (Roy\u00e8re) le 10 novembre 1824 fils de Martial LEBRAUD, ma\u00e7on Marie LENOIR, cultivatrice \u25d9 Louis \u00e9pouse Marie NOTTE le 3 f\u00e9vrier 1848 \u00e0 Roy\u00e8re (contrat Faure \u00e0 Saint-Martin-Ch\u00e2teau). Ils habitent divers villages de la commune. Ils d\u00e9c\u00e8dent \u00e0 ..<\/p>\n<div class=\"clear-fix\"><\/div>\n<p><a href=\"https:\/\/www.lesmaconsdelacreuse.fr\/annuaires\/lettre-l\/l_823\/\" title=\"Lire la suite...\">Lire la suite<\/a><\/p>\n","protected":false},"author":6,"featured_media":0,"comment_status":"closed","ping_status":"closed","sticky":false,"template":"","format":"standard","meta":{"_acf_changed":false,"_exactmetrics_skip_tracking":false,"_exactmetrics_sitenote_active":false,"_exactmetrics_sitenote_note":"","_exactmetrics_sitenote_category":0,"footnotes":""},"categories":[19],"tags":[],"class_list":["post-6655","post","type-post","status-publish","format-standard","hentry","category-lettre-l"],"acf":[],"_links":{"self":[{"href":"https:\/\/www.lesmaconsdelacreuse.fr\/annuaires\/wp-json\/wp\/v2\/posts\/6655","targetHints":{"allow":["GET"]}}],"collection":[{"href":"https:\/\/www.lesmaconsdelacreuse.fr\/annuaires\/wp-json\/wp\/v2\/posts"}],"about":[{"href":"https:\/\/www.lesmaconsdelacreuse.fr\/annuaires\/wp-json\/wp\/v2\/types\/post"}],"author":[{"embeddable":true,"href":"https:\/\/www.lesmaconsdelacreuse.fr\/annuaires\/wp-json\/wp\/v2\/users\/6"}],"replies":[{"embeddable":true,"href":"https:\/\/www.lesmaconsdelacreuse.fr\/annuaires\/wp-json\/wp\/v2\/comments?post=6655"}],"version-history":[{"count":0,"href":"https:\/\/www.lesmaconsdelacreuse.fr\/annuaires\/wp-json\/wp\/v2\/posts\/6655\/revisions"}],"wp:attachment":[{"href":"https:\/\/www.lesmaconsdelacreuse.fr\/annuaires\/wp-json\/wp\/v2\/media?parent=6655"}],"wp:term":[{"taxonomy":"category","embeddable":true,"href":"https:\/\/www.lesmaconsdelacreuse.fr\/annuaires\/wp-json\/wp\/v2\/categories?post=6655"},{"taxonomy":"post_tag","embeddable":true,"href":"https:\/\/www.lesmaconsdelacreuse.fr\/annuaires\/wp-json\/wp\/v2\/tags?post=6655"}],"curies":[{"name":"wp","href":"https:\/\/api.w.org\/{rel}","templated":true}]}}