{"id":6660,"date":"2019-07-28T13:41:02","date_gmt":"2019-07-28T11:41:02","guid":{"rendered":"http:\/\/lesmaconsdelacreuse.fr\/annuaire\/?p=6660"},"modified":"2023-01-02T13:49:55","modified_gmt":"2023-01-02T12:49:55","slug":"l_879","status":"publish","type":"post","link":"https:\/\/www.lesmaconsdelacreuse.fr\/annuaires\/lettre-l\/l_879\/","title":{"rendered":"LECLERC Marc (1692-1734)"},"content":{"rendered":"<p class=\"last-updated\"><strong>Mis \u00e0 jour le :<\/strong> 28\/04\/2026<\/p><h2 style=\"text-align: center;\"><strong>Marc LECLERC<\/strong><\/h2>\n<p style=\"text-align: center;\"><strong>1692 \u2013 1734<\/strong><\/p>\n<p style=\"text-align: center;\"><img decoding=\"async\" title=\"\" src=\"https:\/\/lesmaconsdelacreuse.fr\/annuaire\/wp-content\/uploads\/2019\/07\/image1-1662.jpg\" alt=\"\" data-source-id=\"i.0\" data-asset-id=\"6658\" \/><\/p>\n<h4 style=\"text-align: center;\"><span style=\"color: #008000;\"><strong>ma\u00e7on <\/strong>et<strong> laboureur<\/strong><\/span><\/h4>\n<p>&nbsp;<\/p>\n<p style=\"text-align: center;\">n\u00e9 \u00e0 Pelletange (Saint-Marc-\u00e0-Loubaud)<\/p>\n<p style=\"text-align: center;\">baptis\u00e9 le 16 d\u00e9cembre 1692<\/p>\n<p style=\"text-align: center;\">fils de<\/p>\n<p style=\"text-align: center;\">Jacques LECLERC \/ Marguerite CANCALON<\/p>\n<p style=\"text-align: center;\"><span style=\"color: #ffffff;\">\u25d9<\/span><\/p>\n<p><em>Marc \u00e9pouse Marguerite <\/em><strong>JEANSANETAS<\/strong><em>, veuve de L\u00e9onard BELARBRE, le 2 f\u00e9vrier <\/em><strong>1717<\/strong> <em>\u00e0 Roy\u00e8re.<\/em><\/p>\n<p><em>Ils habitent Lascaux, m\u00eame paroisse.<\/em><\/p>\n<p><em>Ils y d\u00e9c\u00e8dent\u00a0:<\/em><\/p>\n<ul>\n<li><em>Jean, le 3 mai <\/em><strong>1734<\/strong><em>, \u00e2g\u00e9 de 41 ans<\/em><\/li>\n<li><em>Marguerite, le 6 janvier <\/em><strong>1774<\/strong><em>, \u00e2g\u00e9e de 74 ans<\/em><\/li>\n<\/ul>\n<p>S17<\/p>\n<p>&nbsp;<\/p>\n","protected":false},"excerpt":{"rendered":"<p>Mis \u00e0 jour le : 28\/04\/2026Marc LECLERC 1692 \u2013 1734 ma\u00e7on et laboureur &nbsp; n\u00e9 \u00e0 Pelletange (Saint-Marc-\u00e0-Loubaud) baptis\u00e9 le 16 d\u00e9cembre 1692 fils de Jacques LECLERC \/ Marguerite CANCALON \u25d9 Marc \u00e9pouse Marguerite JEANSANETAS, veuve de L\u00e9onard BELARBRE, le 2 f\u00e9vrier 1717 \u00e0 Roy\u00e8re. Ils habitent Lascaux, m\u00eame paroisse. Ils y d\u00e9c\u00e8dent\u00a0: Jean, le ..<\/p>\n<div class=\"clear-fix\"><\/div>\n<p><a href=\"https:\/\/www.lesmaconsdelacreuse.fr\/annuaires\/lettre-l\/l_879\/\" title=\"Lire la suite...\">Lire la suite<\/a><\/p>\n","protected":false},"author":6,"featured_media":0,"comment_status":"closed","ping_status":"closed","sticky":false,"template":"","format":"standard","meta":{"_acf_changed":false,"_exactmetrics_skip_tracking":false,"_exactmetrics_sitenote_active":false,"_exactmetrics_sitenote_note":"","_exactmetrics_sitenote_category":0,"footnotes":""},"categories":[19],"tags":[],"class_list":["post-6660","post","type-post","status-publish","format-standard","hentry","category-lettre-l"],"acf":[],"_links":{"self":[{"href":"https:\/\/www.lesmaconsdelacreuse.fr\/annuaires\/wp-json\/wp\/v2\/posts\/6660","targetHints":{"allow":["GET"]}}],"collection":[{"href":"https:\/\/www.lesmaconsdelacreuse.fr\/annuaires\/wp-json\/wp\/v2\/posts"}],"about":[{"href":"https:\/\/www.lesmaconsdelacreuse.fr\/annuaires\/wp-json\/wp\/v2\/types\/post"}],"author":[{"embeddable":true,"href":"https:\/\/www.lesmaconsdelacreuse.fr\/annuaires\/wp-json\/wp\/v2\/users\/6"}],"replies":[{"embeddable":true,"href":"https:\/\/www.lesmaconsdelacreuse.fr\/annuaires\/wp-json\/wp\/v2\/comments?post=6660"}],"version-history":[{"count":1,"href":"https:\/\/www.lesmaconsdelacreuse.fr\/annuaires\/wp-json\/wp\/v2\/posts\/6660\/revisions"}],"predecessor-version":[{"id":203447,"href":"https:\/\/www.lesmaconsdelacreuse.fr\/annuaires\/wp-json\/wp\/v2\/posts\/6660\/revisions\/203447"}],"wp:attachment":[{"href":"https:\/\/www.lesmaconsdelacreuse.fr\/annuaires\/wp-json\/wp\/v2\/media?parent=6660"}],"wp:term":[{"taxonomy":"category","embeddable":true,"href":"https:\/\/www.lesmaconsdelacreuse.fr\/annuaires\/wp-json\/wp\/v2\/categories?post=6660"},{"taxonomy":"post_tag","embeddable":true,"href":"https:\/\/www.lesmaconsdelacreuse.fr\/annuaires\/wp-json\/wp\/v2\/tags?post=6660"}],"curies":[{"name":"wp","href":"https:\/\/api.w.org\/{rel}","templated":true}]}}