{"id":6661,"date":"2019-07-28T13:41:02","date_gmt":"2019-07-28T11:41:02","guid":{"rendered":"http:\/\/lesmaconsdelacreuse.fr\/annuaire\/?p=6661"},"modified":"2020-01-20T11:27:33","modified_gmt":"2020-01-20T10:27:33","slug":"l_869","status":"publish","type":"post","link":"https:\/\/www.lesmaconsdelacreuse.fr\/annuaires\/lettre-l\/l_869\/","title":{"rendered":"LECLAIR Jean Adolphe (1880-1954)"},"content":{"rendered":"<p class=\"last-updated\"><strong>Mis \u00e0 jour le :<\/strong> 28\/04\/2026<\/p><h2 style=\"text-align: center;\"><strong>Jean Adolphe LECLAIR<\/strong><\/h2>\n<p style=\"text-align: center;\"><strong>Jean LECLAIR<\/strong><\/p>\n<p style=\"text-align: center;\"><strong>1880 \u2013 1954<\/strong><\/p>\n<p style=\"text-align: center;\"><img loading=\"lazy\" decoding=\"async\" class=\"\" title=\"\" src=\"https:\/\/lesmaconsdelacreuse.fr\/annuaire\/wp-content\/uploads\/2019\/07\/image1-1659.jpg\" alt=\"\" width=\"228\" height=\"174\" data-source-id=\"i.0\" data-asset-id=\"6652\" \/><\/p>\n<h4 style=\"text-align: center;\"><span style=\"color: #008000;\"><strong>ma\u00e7on <\/strong>et<strong> cultivateur<\/strong><\/span><\/h4>\n<p style=\"text-align: center;\">n\u00e9 aux Salles (Gentioux)<\/p>\n<p style=\"text-align: center;\">le 21 d\u00e9cembre 1880<\/p>\n<p style=\"text-align: center;\">fils de<\/p>\n<p style=\"text-align: center;\">Pierre LECLAIR, menuisier<\/p>\n<p style=\"text-align: center;\">Marie SAUTOUR, cultivatrice<\/p>\n<p style=\"text-align: center;\"><span style=\"color: #ffffff;\">\u25d9<\/span><\/p>\n<p><em>Jean \u00e9pouse L\u00e9a Mathiva <\/em><strong>SAUTOUR<\/strong><em> le 25 janvier <\/em><strong>1906<\/strong><em> \u00e0 Roy\u00e8re (contrat Toumieux). Ils habitent Le Nouhaud, m\u00eame commune.<\/em><\/p>\n<p><strong>En 1909<\/strong><em>, Jean travaille \u00e0 <\/em><span style=\"color: #0000ff;\"><strong>Oullins (69)<\/strong><\/span><em>, et loge 4, rue du Perron\u00a0;<\/em><\/p>\n<p><strong>en 1910<\/strong><em>, \u00e0 <\/em><span style=\"color: #0000ff;\"><strong>Saint-Genis-les-Olli\u00e8res (69)<\/strong><\/span><em>, puis de nouveau \u00e0 Oullins, 14, rue du Nord\u00a0;<\/em><\/p>\n<p><strong>en 1911<\/strong><em>, \u00e0 Oullins, 66, rue du Pont, puis 13, rue Camille.<\/em><\/p>\n<p><em>Les \u00e9poux d\u00e9c\u00e8dent\u00a0au Nouhaud\u00a0:<\/em><\/p>\n<ul>\n<li><em> L\u00e9a, le 7 septembre <\/em><strong>1951<\/strong><em>, \u00e2g\u00e9e de 66 ans<\/em><\/li>\n<li><em> Jean, le 27 juillet <\/em><strong>1954<\/strong><em>, \u00e2g\u00e9 de 73 ans<\/em><\/li>\n<\/ul>\n<p style=\"text-align: center;\"><span style=\"color: #ffffff;\">\u25d9<\/span><\/p>\n<p>&nbsp;<\/p>\n","protected":false},"excerpt":{"rendered":"<p>Mis \u00e0 jour le : 28\/04\/2026Jean Adolphe LECLAIR Jean LECLAIR 1880 \u2013 1954 ma\u00e7on et cultivateur n\u00e9 aux Salles (Gentioux) le 21 d\u00e9cembre 1880 fils de Pierre LECLAIR, menuisier Marie SAUTOUR, cultivatrice \u25d9 Jean \u00e9pouse L\u00e9a Mathiva SAUTOUR le 25 janvier 1906 \u00e0 Roy\u00e8re (contrat Toumieux). Ils habitent Le Nouhaud, m\u00eame commune. En 1909, Jean ..<\/p>\n<div class=\"clear-fix\"><\/div>\n<p><a href=\"https:\/\/www.lesmaconsdelacreuse.fr\/annuaires\/lettre-l\/l_869\/\" title=\"Lire la suite...\">Lire la suite<\/a><\/p>\n","protected":false},"author":6,"featured_media":0,"comment_status":"closed","ping_status":"closed","sticky":false,"template":"","format":"standard","meta":{"_acf_changed":false,"_exactmetrics_skip_tracking":false,"_exactmetrics_sitenote_active":false,"_exactmetrics_sitenote_note":"","_exactmetrics_sitenote_category":0,"footnotes":""},"categories":[19],"tags":[],"class_list":["post-6661","post","type-post","status-publish","format-standard","hentry","category-lettre-l"],"acf":[],"_links":{"self":[{"href":"https:\/\/www.lesmaconsdelacreuse.fr\/annuaires\/wp-json\/wp\/v2\/posts\/6661","targetHints":{"allow":["GET"]}}],"collection":[{"href":"https:\/\/www.lesmaconsdelacreuse.fr\/annuaires\/wp-json\/wp\/v2\/posts"}],"about":[{"href":"https:\/\/www.lesmaconsdelacreuse.fr\/annuaires\/wp-json\/wp\/v2\/types\/post"}],"author":[{"embeddable":true,"href":"https:\/\/www.lesmaconsdelacreuse.fr\/annuaires\/wp-json\/wp\/v2\/users\/6"}],"replies":[{"embeddable":true,"href":"https:\/\/www.lesmaconsdelacreuse.fr\/annuaires\/wp-json\/wp\/v2\/comments?post=6661"}],"version-history":[{"count":0,"href":"https:\/\/www.lesmaconsdelacreuse.fr\/annuaires\/wp-json\/wp\/v2\/posts\/6661\/revisions"}],"wp:attachment":[{"href":"https:\/\/www.lesmaconsdelacreuse.fr\/annuaires\/wp-json\/wp\/v2\/media?parent=6661"}],"wp:term":[{"taxonomy":"category","embeddable":true,"href":"https:\/\/www.lesmaconsdelacreuse.fr\/annuaires\/wp-json\/wp\/v2\/categories?post=6661"},{"taxonomy":"post_tag","embeddable":true,"href":"https:\/\/www.lesmaconsdelacreuse.fr\/annuaires\/wp-json\/wp\/v2\/tags?post=6661"}],"curies":[{"name":"wp","href":"https:\/\/api.w.org\/{rel}","templated":true}]}}