{"id":6662,"date":"2019-07-28T13:41:02","date_gmt":"2019-07-28T11:41:02","guid":{"rendered":"http:\/\/lesmaconsdelacreuse.fr\/annuaire\/?p=6662"},"modified":"2022-04-10T15:52:33","modified_gmt":"2022-04-10T13:52:33","slug":"l_813","status":"publish","type":"post","link":"https:\/\/www.lesmaconsdelacreuse.fr\/annuaires\/lettre-l\/l_813\/","title":{"rendered":"LEBRAUD L\u00e9onard (1763-1825)"},"content":{"rendered":"<p class=\"last-updated\"><strong>Mis \u00e0 jour le :<\/strong> 28\/04\/2026<\/p><h2 style=\"text-align: center;\"><strong>L\u00e9onard LEBRAUD<\/strong><\/h2>\n<p style=\"text-align: center;\"><strong>1763 \u2013 1825<\/strong><\/p>\n<p style=\"text-align: center;\"><img decoding=\"async\" title=\"\" src=\"https:\/\/lesmaconsdelacreuse.fr\/annuaire\/wp-content\/uploads\/2019\/07\/image1-1663.jpg\" alt=\"\" data-source-id=\"i.0\" data-asset-id=\"6659\" \/><\/p>\n<h4 style=\"text-align: center;\"><span style=\"color: #008000;\"><strong>ma\u00e7on<\/strong><\/span><\/h4>\n<p style=\"text-align: center;\">n\u00e9 \u00e0 Villecros (Roy\u00e8re)<\/p>\n<p style=\"text-align: center;\">le 23 octobre 1763<\/p>\n<p style=\"text-align: center;\">fils de<\/p>\n<p style=\"text-align: center;\">L\u00e9onard LEBRAUD, <span style=\"color: #008000;\"><strong>ma\u00e7on<\/strong><\/span>, et L\u00e9onarde CL\u00c9MENT<\/p>\n<p style=\"text-align: center;\"><span style=\"color: #ffffff;\">\u25d9<\/span><\/p>\n<p><strong>En 1825<\/strong><em>, L\u00e9onard, \u00e9poux de Jeanne <\/em><strong>MURAT<\/strong><em>, travaille \u00e0 <\/em><strong><span style=\"color: #0000ff;\">Lyon (69<\/span>)<\/strong><em> et loge 10, rue Raisin.<\/em><\/p>\n<p><em>Il y d\u00e9c\u00e8de le 28 mars de la m\u00eame ann\u00e9e, \u00e2g\u00e9 de 62 ans.<\/em><\/p>\n<p>&nbsp;<\/p>\n","protected":false},"excerpt":{"rendered":"<p>Mis \u00e0 jour le : 28\/04\/2026L\u00e9onard LEBRAUD 1763 \u2013 1825 ma\u00e7on n\u00e9 \u00e0 Villecros (Roy\u00e8re) le 23 octobre 1763 fils de L\u00e9onard LEBRAUD, ma\u00e7on, et L\u00e9onarde CL\u00c9MENT \u25d9 En 1825, L\u00e9onard, \u00e9poux de Jeanne MURAT, travaille \u00e0 Lyon (69) et loge 10, rue Raisin. Il y d\u00e9c\u00e8de le 28 mars de la m\u00eame ann\u00e9e, \u00e2g\u00e9 ..<\/p>\n<div class=\"clear-fix\"><\/div>\n<p><a href=\"https:\/\/www.lesmaconsdelacreuse.fr\/annuaires\/lettre-l\/l_813\/\" title=\"Lire la suite...\">Lire la suite<\/a><\/p>\n","protected":false},"author":6,"featured_media":0,"comment_status":"closed","ping_status":"closed","sticky":false,"template":"","format":"standard","meta":{"_acf_changed":false,"_exactmetrics_skip_tracking":false,"_exactmetrics_sitenote_active":false,"_exactmetrics_sitenote_note":"","_exactmetrics_sitenote_category":0,"footnotes":""},"categories":[19],"tags":[],"class_list":["post-6662","post","type-post","status-publish","format-standard","hentry","category-lettre-l"],"acf":[],"_links":{"self":[{"href":"https:\/\/www.lesmaconsdelacreuse.fr\/annuaires\/wp-json\/wp\/v2\/posts\/6662","targetHints":{"allow":["GET"]}}],"collection":[{"href":"https:\/\/www.lesmaconsdelacreuse.fr\/annuaires\/wp-json\/wp\/v2\/posts"}],"about":[{"href":"https:\/\/www.lesmaconsdelacreuse.fr\/annuaires\/wp-json\/wp\/v2\/types\/post"}],"author":[{"embeddable":true,"href":"https:\/\/www.lesmaconsdelacreuse.fr\/annuaires\/wp-json\/wp\/v2\/users\/6"}],"replies":[{"embeddable":true,"href":"https:\/\/www.lesmaconsdelacreuse.fr\/annuaires\/wp-json\/wp\/v2\/comments?post=6662"}],"version-history":[{"count":2,"href":"https:\/\/www.lesmaconsdelacreuse.fr\/annuaires\/wp-json\/wp\/v2\/posts\/6662\/revisions"}],"predecessor-version":[{"id":197366,"href":"https:\/\/www.lesmaconsdelacreuse.fr\/annuaires\/wp-json\/wp\/v2\/posts\/6662\/revisions\/197366"}],"wp:attachment":[{"href":"https:\/\/www.lesmaconsdelacreuse.fr\/annuaires\/wp-json\/wp\/v2\/media?parent=6662"}],"wp:term":[{"taxonomy":"category","embeddable":true,"href":"https:\/\/www.lesmaconsdelacreuse.fr\/annuaires\/wp-json\/wp\/v2\/categories?post=6662"},{"taxonomy":"post_tag","embeddable":true,"href":"https:\/\/www.lesmaconsdelacreuse.fr\/annuaires\/wp-json\/wp\/v2\/tags?post=6662"}],"curies":[{"name":"wp","href":"https:\/\/api.w.org\/{rel}","templated":true}]}}