{"id":6663,"date":"2019-07-28T13:41:02","date_gmt":"2019-07-28T11:41:02","guid":{"rendered":"http:\/\/lesmaconsdelacreuse.fr\/annuaire\/?p=6663"},"modified":"2021-12-11T11:19:39","modified_gmt":"2021-12-11T10:19:39","slug":"l_849","status":"publish","type":"post","link":"https:\/\/www.lesmaconsdelacreuse.fr\/annuaires\/lettre-l\/l_849\/","title":{"rendered":"LECLERC \u00c9douard (1898-apr\u00e8s 1940)"},"content":{"rendered":"<p class=\"last-updated\"><strong>Mis \u00e0 jour le :<\/strong> 28\/04\/2026<\/p><h2 style=\"text-align: center;\"><strong>\u00c9douard LECLERC<\/strong><\/h2>\n<p style=\"text-align: center;\"><strong>1898 \u2013 apr\u00e8s 1940<\/strong><\/p>\n<h4 style=\"text-align: center;\"><span style=\"color: #008000;\"><strong>ma\u00e7on<\/strong><\/span><\/h4>\n<p style=\"text-align: center;\">n\u00e9 \u00e0 Rochas (Roy\u00e8re)<\/p>\n<p style=\"text-align: center;\">le 20 juin 1898<\/p>\n<p style=\"text-align: center;\">fils de<\/p>\n<p style=\"text-align: center;\">Jean LECLERC, <span style=\"color: #008000;\"><strong>ma\u00e7on <\/strong><\/span><strong>\/ <\/strong>Marie MANGON<\/p>\n<p style=\"text-align: center;\">propri\u00e9taires cultivateurs<\/p>\n<p style=\"text-align: center;\"><span style=\"color: #ffffff;\">\u25d9<\/span><\/p>\n<p><strong>En 1920<\/strong><em>, \u00c9douard travaille \u00e0 <\/em><a href=\"https:\/\/www.lesmaconsdelacreuse.fr\/annuaires\/\/wp-content\/uploads\/PHOTOS_-_CARTES_POSTALES\/ARCACHON_-_villas.jpg\" target=\"_blank\" rel=\"noopener\"><span style=\"color: #0000ff;\"><strong>Arcachon<\/strong><\/span><\/a><span style=\"color: #0000ff;\"><strong> (33)<\/strong><\/span><em>.<\/em><\/p>\n<p><strong>En 1938<\/strong><em>, il habite 7, rue du Casino.<\/em><\/p>\n<p><em>Il d\u00e9c\u00e8de \u00e0 Ch\u00e2tain, commune du Monteil-au-Vicomte, le 7 mars<\/em> <strong>1943<\/strong>, <em>\u00e2g\u00e9 de 44 ans.<\/em><\/p>\n","protected":false},"excerpt":{"rendered":"<p>Mis \u00e0 jour le : 28\/04\/2026\u00c9douard LECLERC 1898 \u2013 apr\u00e8s 1940 ma\u00e7on n\u00e9 \u00e0 Rochas (Roy\u00e8re) le 20 juin 1898 fils de Jean LECLERC, ma\u00e7on \/ Marie MANGON propri\u00e9taires cultivateurs \u25d9 En 1920, \u00c9douard travaille \u00e0 Arcachon (33). En 1938, il habite 7, rue du Casino. Il d\u00e9c\u00e8de \u00e0 Ch\u00e2tain, commune du Monteil-au-Vicomte, le 7 ..<\/p>\n<div class=\"clear-fix\"><\/div>\n<p><a href=\"https:\/\/www.lesmaconsdelacreuse.fr\/annuaires\/lettre-l\/l_849\/\" title=\"Lire la suite...\">Lire la suite<\/a><\/p>\n","protected":false},"author":6,"featured_media":0,"comment_status":"closed","ping_status":"closed","sticky":false,"template":"","format":"standard","meta":{"_acf_changed":false,"_exactmetrics_skip_tracking":false,"_exactmetrics_sitenote_active":false,"_exactmetrics_sitenote_note":"","_exactmetrics_sitenote_category":0,"footnotes":""},"categories":[19],"tags":[],"class_list":["post-6663","post","type-post","status-publish","format-standard","hentry","category-lettre-l"],"acf":[],"_links":{"self":[{"href":"https:\/\/www.lesmaconsdelacreuse.fr\/annuaires\/wp-json\/wp\/v2\/posts\/6663","targetHints":{"allow":["GET"]}}],"collection":[{"href":"https:\/\/www.lesmaconsdelacreuse.fr\/annuaires\/wp-json\/wp\/v2\/posts"}],"about":[{"href":"https:\/\/www.lesmaconsdelacreuse.fr\/annuaires\/wp-json\/wp\/v2\/types\/post"}],"author":[{"embeddable":true,"href":"https:\/\/www.lesmaconsdelacreuse.fr\/annuaires\/wp-json\/wp\/v2\/users\/6"}],"replies":[{"embeddable":true,"href":"https:\/\/www.lesmaconsdelacreuse.fr\/annuaires\/wp-json\/wp\/v2\/comments?post=6663"}],"version-history":[{"count":2,"href":"https:\/\/www.lesmaconsdelacreuse.fr\/annuaires\/wp-json\/wp\/v2\/posts\/6663\/revisions"}],"predecessor-version":[{"id":193079,"href":"https:\/\/www.lesmaconsdelacreuse.fr\/annuaires\/wp-json\/wp\/v2\/posts\/6663\/revisions\/193079"}],"wp:attachment":[{"href":"https:\/\/www.lesmaconsdelacreuse.fr\/annuaires\/wp-json\/wp\/v2\/media?parent=6663"}],"wp:term":[{"taxonomy":"category","embeddable":true,"href":"https:\/\/www.lesmaconsdelacreuse.fr\/annuaires\/wp-json\/wp\/v2\/categories?post=6663"},{"taxonomy":"post_tag","embeddable":true,"href":"https:\/\/www.lesmaconsdelacreuse.fr\/annuaires\/wp-json\/wp\/v2\/tags?post=6663"}],"curies":[{"name":"wp","href":"https:\/\/api.w.org\/{rel}","templated":true}]}}