{"id":6672,"date":"2019-07-28T13:40:34","date_gmt":"2019-07-28T11:40:34","guid":{"rendered":"http:\/\/lesmaconsdelacreuse.fr\/annuaire\/?p=6672"},"modified":"2020-01-20T11:27:35","modified_gmt":"2020-01-20T10:27:35","slug":"l_868","status":"publish","type":"post","link":"https:\/\/www.lesmaconsdelacreuse.fr\/annuaires\/lettre-l\/l_868\/","title":{"rendered":"LECLERC Jean (1851-1938)"},"content":{"rendered":"<p class=\"last-updated\"><strong>Mis \u00e0 jour le :<\/strong> 28\/04\/2026<\/p><h2 style=\"text-align: center;\"><strong>Jean LECLERC<\/strong><\/h2>\n<p style=\"text-align: center;\"><strong>1851 \u2013 1938<\/strong><\/p>\n<p style=\"text-align: center;\"><img decoding=\"async\" title=\"\" src=\"https:\/\/lesmaconsdelacreuse.fr\/annuaire\/wp-content\/uploads\/2019\/07\/image1-1666.jpg\" alt=\"\" data-source-id=\"i.0\" data-asset-id=\"6669\" \/><\/p>\n<h4 style=\"text-align: center;\"><span style=\"color: #008000;\"><strong>ma\u00e7on <\/strong>et <strong>propri\u00e9taire cultivateur<\/strong><\/span><\/h4>\n<p style=\"text-align: center;\">n\u00e9 \u00e0 Rochas (Roy\u00e8re)<\/p>\n<p style=\"text-align: center;\">le 25 octobre 1851<\/p>\n<p style=\"text-align: center;\">fils de<\/p>\n<p style=\"text-align: center;\">L\u00e9onard LECLERC, <span style=\"color: #008000;\"><strong>ma\u00e7on<\/strong><\/span><\/p>\n<p style=\"text-align: center;\">Gilberte CHABROUTY, cultivatrice<\/p>\n<p style=\"text-align: center;\"><span style=\"color: #ffffff;\">\u25d9<\/span><\/p>\n<p><em>Jean \u00e9pouse Marie <\/em><strong>MANGON<\/strong><em> le 18 f\u00e9vrier <\/em><strong>1880<\/strong> <em>\u00e0 Saint-Marc-\u00e0-Loubaud (contrat Combaudon \u00e0 La Nouaille). Ils vivent \u00e0 Rochas, puis \u00e0 Ch\u00e2tain, commune du Monteil-au-Vicomte.<\/em><\/p>\n<p><em>Ils d\u00e9c\u00e8dent \u00e0 Ch\u00e2tain, apr\u00e8s avoir test\u00e9 le 17 octobre devant Me Toumieux de Roy\u00e8re\u00a0:<\/em><\/p>\n<ul>\n<li><em>Marie, le 14 mars <\/em><strong>1931<\/strong>,<em> \u00e2g\u00e9e de 71 ans<\/em><\/li>\n<li><em>Jean, le 15 juillet <\/em><strong>1938<\/strong>,<em> \u00e2g\u00e9 de 86 ans<\/em><\/li>\n<\/ul>\n","protected":false},"excerpt":{"rendered":"<p>Mis \u00e0 jour le : 28\/04\/2026Jean LECLERC 1851 \u2013 1938 ma\u00e7on et propri\u00e9taire cultivateur n\u00e9 \u00e0 Rochas (Roy\u00e8re) le 25 octobre 1851 fils de L\u00e9onard LECLERC, ma\u00e7on Gilberte CHABROUTY, cultivatrice \u25d9 Jean \u00e9pouse Marie MANGON le 18 f\u00e9vrier 1880 \u00e0 Saint-Marc-\u00e0-Loubaud (contrat Combaudon \u00e0 La Nouaille). Ils vivent \u00e0 Rochas, puis \u00e0 Ch\u00e2tain, commune du ..<\/p>\n<div class=\"clear-fix\"><\/div>\n<p><a href=\"https:\/\/www.lesmaconsdelacreuse.fr\/annuaires\/lettre-l\/l_868\/\" title=\"Lire la suite...\">Lire la suite<\/a><\/p>\n","protected":false},"author":6,"featured_media":0,"comment_status":"closed","ping_status":"closed","sticky":false,"template":"","format":"standard","meta":{"_acf_changed":false,"_exactmetrics_skip_tracking":false,"_exactmetrics_sitenote_active":false,"_exactmetrics_sitenote_note":"","_exactmetrics_sitenote_category":0,"footnotes":""},"categories":[19],"tags":[],"class_list":["post-6672","post","type-post","status-publish","format-standard","hentry","category-lettre-l"],"acf":[],"_links":{"self":[{"href":"https:\/\/www.lesmaconsdelacreuse.fr\/annuaires\/wp-json\/wp\/v2\/posts\/6672","targetHints":{"allow":["GET"]}}],"collection":[{"href":"https:\/\/www.lesmaconsdelacreuse.fr\/annuaires\/wp-json\/wp\/v2\/posts"}],"about":[{"href":"https:\/\/www.lesmaconsdelacreuse.fr\/annuaires\/wp-json\/wp\/v2\/types\/post"}],"author":[{"embeddable":true,"href":"https:\/\/www.lesmaconsdelacreuse.fr\/annuaires\/wp-json\/wp\/v2\/users\/6"}],"replies":[{"embeddable":true,"href":"https:\/\/www.lesmaconsdelacreuse.fr\/annuaires\/wp-json\/wp\/v2\/comments?post=6672"}],"version-history":[{"count":0,"href":"https:\/\/www.lesmaconsdelacreuse.fr\/annuaires\/wp-json\/wp\/v2\/posts\/6672\/revisions"}],"wp:attachment":[{"href":"https:\/\/www.lesmaconsdelacreuse.fr\/annuaires\/wp-json\/wp\/v2\/media?parent=6672"}],"wp:term":[{"taxonomy":"category","embeddable":true,"href":"https:\/\/www.lesmaconsdelacreuse.fr\/annuaires\/wp-json\/wp\/v2\/categories?post=6672"},{"taxonomy":"post_tag","embeddable":true,"href":"https:\/\/www.lesmaconsdelacreuse.fr\/annuaires\/wp-json\/wp\/v2\/tags?post=6672"}],"curies":[{"name":"wp","href":"https:\/\/api.w.org\/{rel}","templated":true}]}}