{"id":6673,"date":"2019-07-28T13:40:34","date_gmt":"2019-07-28T11:40:34","guid":{"rendered":"http:\/\/lesmaconsdelacreuse.fr\/annuaire\/?p=6673"},"modified":"2020-10-05T17:41:57","modified_gmt":"2020-10-05T15:41:57","slug":"l_847","status":"publish","type":"post","link":"https:\/\/www.lesmaconsdelacreuse.fr\/annuaires\/lettre-l\/l_847\/","title":{"rendered":"LECLAIR Christophe (1838-1924)"},"content":{"rendered":"<p class=\"last-updated\"><strong>Mis \u00e0 jour le :<\/strong> 28\/04\/2026<\/p><h2 style=\"text-align: center;\"><strong>Christophe LECLAIR<\/strong><\/h2>\n<p style=\"text-align: center;\"><strong>1838 \u2013 1924<\/strong><\/p>\n<p style=\"text-align: center;\"><img loading=\"lazy\" decoding=\"async\" class=\"\" title=\"\" src=\"https:\/\/lesmaconsdelacreuse.fr\/annuaire\/wp-content\/uploads\/2019\/07\/image1-1667.jpg\" alt=\"\" width=\"412\" height=\"103\" data-source-id=\"i.0\" data-asset-id=\"6670\" \/><\/p>\n<h4><\/h4>\n<h4 style=\"text-align: center;\"><span style=\"color: #008000;\"><strong>entrepreneur de<\/strong> <strong>ma\u00e7onnerie <\/strong>; <\/span><em>\u25ba<\/em><span style=\"color: #008000;\"><a href=\"https:\/\/www.lesmaconsdelacreuse.fr\/annuaires\/wp-content\/uploads\/2019\/07\/G\u00c9OM\u00c8TRE.png\"><strong><span style=\"color: #008000;\">g\u00e9om\u00e8tre<\/span><\/strong><\/a>, <em>\u25ba<\/em><\/span><strong><a href=\"https:\/\/www.lesmaconsdelacreuse.fr\/annuaires\/wp-content\/uploads\/2019\/08\/M\u00c9TREUR.png\" target=\"_blank\" rel=\"noopener noreferrer\"><span style=\"color: #008000;\">m\u00e9treur<\/span><\/a><\/strong><\/h4>\n<p>&nbsp;<\/p>\n<p style=\"text-align: center;\">n\u00e9 \u00e0 Peumiot (Saint-Pierre-le-Bost)<\/p>\n<p style=\"text-align: center;\">en mars 1838, <em>selon \u25ba<a href=\"https:\/\/www.lesmaconsdelacreuse.fr\/annuaires\/wp-content\/uploads\/2019\/08\/ACTE-DE-NOTORI\u00c9T\u00c9.png\" target=\"_blank\" rel=\"noopener noreferrer\">acte de notori\u00e9t\u00e9<\/a><br \/>\n<\/em><\/p>\n<p style=\"text-align: center;\">le 25 mars,<em> selon son acte de d\u00e9c\u00e8s<\/em><\/p>\n<p style=\"text-align: center;\">fils de<\/p>\n<p style=\"text-align: center;\">Jean LECLAIR, <span style=\"color: #008000;\"><strong>entrepreneur en b\u00e2timents <span style=\"color: #000000;\">\/ <\/span><\/strong><\/span>L\u00e9onarde JARRY<\/p>\n<p style=\"text-align: center;\">propri\u00e9taires cultivateurs<\/p>\n<p style=\"text-align: center;\"><span style=\"color: #ffffff;\">\u25d9<\/span><\/p>\n<p><strong>En 1859<\/strong><em>, Christophe, <\/em><span style=\"color: #008000;\"><strong>ma\u00e7on<\/strong><\/span><em>, se pr\u00e9sente devant le conseil de r\u00e9vision \u00e0 <\/em><span style=\"color: #0000ff;\"><strong>Lyon (69)<\/strong><\/span><em>, avec une \u25ba<a href=\"https:\/\/www.lesmaconsdelacreuse.fr\/annuaires\/wp-content\/uploads\/2020\/08\/HERNIE-INGUINALE.png\" target=\"_blank\" rel=\"noopener noreferrer\">hernie inguinale<\/a>.<\/em><\/p>\n<p><strong>En 1868<\/strong><em>, il habite Lyon avec son p\u00e8re, 24, rue du Chariot d\u2019Or. <\/em><\/p>\n<p><em>Le 3 f\u00e9vrier de la m\u00eame ann\u00e9e, il \u00e9pouse Marie-Augustine <\/em><strong>TRUFFINET<\/strong><em> \u00e0 Saint-Pierre (contrat Toumieux de Roy\u00e8re). <\/em><\/p>\n<p><strong>En 1869<\/strong><em>, le couple est \u00e0 <\/em>La Croix-Rousse (69)<em>, 16, rue des Chartreux\u00a0;<\/em><\/p>\n<p><strong>en 1872<\/strong>,<em> 27, rue Claude Bonnet, Lyon 4e\u00a0;<\/em><\/p>\n<p>\u25ba<span style=\"color: #000000;\"><strong><a style=\"color: #000000;\" href=\"https:\/\/www.lesmaconsdelacreuse.fr\/annuaires\/\/wp-content\/uploads\/DOCUMENTS\/1874_-_Christophe_LECLAIR_entrepreneur_a_Lyon.pdf\" target=\"_blank\" rel=\"noopener noreferrer\">en 1874<\/a><\/strong><\/span><em>, 11, rue Claude Joseph Bonnet, et Christophe est <\/em><strong><span style=\"color: #008000;\">entrepreneur <\/span>;<\/strong><\/p>\n<p><strong>en 1876<\/strong><em>, 7, rue des Missionnaires, Lyon 4e\u00a0;<\/em><\/p>\n<p><strong>en 1878<\/strong><em>, de nouveau \u00e0 La Croix-Rousse, place Tabareau. <\/em><\/p>\n<p><strong>En 1883<\/strong><em>, Christophe est <\/em><strong><span style=\"color: #008000;\">m\u00e9treur<\/span>,<\/strong><em> et le couple est \u00e0 <\/em><strong><span style=\"color: #0000ff;\">Clichy-la-Garenne<\/span> <span style=\"color: #0000ff;\">(92)<\/span><\/strong><em>, 34, rue des Cailloux.<\/em><\/p>\n<p><em> Christophe d\u00e9c\u00e8de au Compeix, commune de Saint-Pierre, le 27 novembre <\/em><strong>1924<\/strong><em><strong>,<\/strong> \u00e2g\u00e9 de 86 ans. <\/em><\/p>\n<p>&nbsp;<\/p>\n","protected":false},"excerpt":{"rendered":"<p>Mis \u00e0 jour le : 28\/04\/2026Christophe LECLAIR 1838 \u2013 1924 entrepreneur de ma\u00e7onnerie ; \u25bag\u00e9om\u00e8tre, \u25bam\u00e9treur &nbsp; n\u00e9 \u00e0 Peumiot (Saint-Pierre-le-Bost) en mars 1838, selon \u25baacte de notori\u00e9t\u00e9 le 25 mars, selon son acte de d\u00e9c\u00e8s fils de Jean LECLAIR, entrepreneur en b\u00e2timents \/ L\u00e9onarde JARRY propri\u00e9taires cultivateurs \u25d9 En 1859, Christophe, ma\u00e7on, se pr\u00e9sente ..<\/p>\n<div class=\"clear-fix\"><\/div>\n<p><a href=\"https:\/\/www.lesmaconsdelacreuse.fr\/annuaires\/lettre-l\/l_847\/\" title=\"Lire la suite...\">Lire la suite<\/a><\/p>\n","protected":false},"author":6,"featured_media":0,"comment_status":"closed","ping_status":"closed","sticky":false,"template":"","format":"standard","meta":{"_acf_changed":false,"_exactmetrics_skip_tracking":false,"_exactmetrics_sitenote_active":false,"_exactmetrics_sitenote_note":"","_exactmetrics_sitenote_category":0,"footnotes":""},"categories":[19],"tags":[],"class_list":["post-6673","post","type-post","status-publish","format-standard","hentry","category-lettre-l"],"acf":[],"_links":{"self":[{"href":"https:\/\/www.lesmaconsdelacreuse.fr\/annuaires\/wp-json\/wp\/v2\/posts\/6673","targetHints":{"allow":["GET"]}}],"collection":[{"href":"https:\/\/www.lesmaconsdelacreuse.fr\/annuaires\/wp-json\/wp\/v2\/posts"}],"about":[{"href":"https:\/\/www.lesmaconsdelacreuse.fr\/annuaires\/wp-json\/wp\/v2\/types\/post"}],"author":[{"embeddable":true,"href":"https:\/\/www.lesmaconsdelacreuse.fr\/annuaires\/wp-json\/wp\/v2\/users\/6"}],"replies":[{"embeddable":true,"href":"https:\/\/www.lesmaconsdelacreuse.fr\/annuaires\/wp-json\/wp\/v2\/comments?post=6673"}],"version-history":[{"count":0,"href":"https:\/\/www.lesmaconsdelacreuse.fr\/annuaires\/wp-json\/wp\/v2\/posts\/6673\/revisions"}],"wp:attachment":[{"href":"https:\/\/www.lesmaconsdelacreuse.fr\/annuaires\/wp-json\/wp\/v2\/media?parent=6673"}],"wp:term":[{"taxonomy":"category","embeddable":true,"href":"https:\/\/www.lesmaconsdelacreuse.fr\/annuaires\/wp-json\/wp\/v2\/categories?post=6673"},{"taxonomy":"post_tag","embeddable":true,"href":"https:\/\/www.lesmaconsdelacreuse.fr\/annuaires\/wp-json\/wp\/v2\/tags?post=6673"}],"curies":[{"name":"wp","href":"https:\/\/api.w.org\/{rel}","templated":true}]}}