{"id":6680,"date":"2019-07-28T13:40:34","date_gmt":"2019-07-28T11:40:34","guid":{"rendered":"http:\/\/lesmaconsdelacreuse.fr\/annuaire\/?p=6680"},"modified":"2020-09-23T15:15:09","modified_gmt":"2020-09-23T13:15:09","slug":"l_850","status":"publish","type":"post","link":"https:\/\/www.lesmaconsdelacreuse.fr\/annuaires\/lettre-l\/l_850\/","title":{"rendered":"LECLERC \u00c9tienne (1741-1779)"},"content":{"rendered":"<p class=\"last-updated\"><strong>Mis \u00e0 jour le :<\/strong> 28\/04\/2026<\/p><h2 style=\"text-align: center;\"><strong>\u00c9tienne LECLERC<\/strong><\/h2>\n<p style=\"text-align: center;\"><strong>1741 \u2013 1779<\/strong><\/p>\n<p style=\"text-align: center;\"><img decoding=\"async\" title=\"\" src=\"https:\/\/lesmaconsdelacreuse.fr\/annuaire\/wp-content\/uploads\/2019\/07\/image1-1669.jpg\" alt=\"\" data-source-id=\"i.0\" data-asset-id=\"6678\" \/><\/p>\n<h4 style=\"text-align: center;\"><span style=\"color: #008000;\"><strong>ma\u00e7on<\/strong><\/span><\/h4>\n<p>&nbsp;<\/p>\n<p style=\"text-align: center;\">n\u00e9 \u00e0 Lascaux (Roy\u00e8re)<\/p>\n<p style=\"text-align: center;\">le 22 novembre 1741<\/p>\n<p style=\"text-align: center;\">fils de<\/p>\n<p style=\"text-align: center;\">Martial LECLERC,<span style=\"color: #008000;\"><strong> ma\u00e7on<\/strong><\/span><\/p>\n<p style=\"text-align: center;\">L\u00e9onarde PICOULET, cultivatrice<\/p>\n<p style=\"text-align: center;\"><span style=\"color: #ffffff;\">\u25d9<\/span><\/p>\n<p><em>\u00c9tienne \u00e9pouse Catherine <\/em><strong>CANCALON<\/strong><em> le 15 f\u00e9vrier <\/em><strong>1773<\/strong><em> \u00e0 Saint-Marc-\u00e0-Loubaud (contrat Coutisson \u00e0 Roy\u00e8re).<\/em><\/p>\n<p><em> Ils habitent Lascaux o\u00f9 d\u00e9c\u00e8de \u00c9tienne, inhum\u00e9 le 9 mars \u25ba<\/em><strong><a href=\"https:\/\/www.lesmaconsdelacreuse.fr\/annuaires\/\/wp-content\/uploads\/DOCUMENTS\/1779_-_Etienne_et_Michel_LECLERC_en_Forez.pdf\" target=\"_blank\" rel=\"noopener noreferrer\"><span style=\"color: #000000;\">1779<\/span><\/a><\/strong><em>, \u00e2g\u00e9 de 37 ans. <\/em><\/p>\n<p><em>La m\u00eame ann\u00e9e, sa veuve charge Michel LECLERC, son beau-fr\u00e8re, de r\u00e9gler sa succession dans la province du\u00a0<\/em><span style=\"color: #0000ff;\"><strong><em><a href=\"https:\/\/www.lesmaconsdelacreuse.fr\/annuaires\/wp-content\/uploads\/2019\/08\/FOREZ.png\" target=\"_blank\" rel=\"noopener noreferrer\">\u25ba Forez.<\/a><\/em> <\/strong><\/span><em>o\u00f9 il avait l\u2019habitude de travailler.<\/em><\/p>\n<p><em>Elle se remarie en 1791 avec Jean CHABANAUD.<\/em><\/p>\n<p>&nbsp;<\/p>\n","protected":false},"excerpt":{"rendered":"<p>Mis \u00e0 jour le : 28\/04\/2026\u00c9tienne LECLERC 1741 \u2013 1779 ma\u00e7on &nbsp; n\u00e9 \u00e0 Lascaux (Roy\u00e8re) le 22 novembre 1741 fils de Martial LECLERC, ma\u00e7on L\u00e9onarde PICOULET, cultivatrice \u25d9 \u00c9tienne \u00e9pouse Catherine CANCALON le 15 f\u00e9vrier 1773 \u00e0 Saint-Marc-\u00e0-Loubaud (contrat Coutisson \u00e0 Roy\u00e8re). Ils habitent Lascaux o\u00f9 d\u00e9c\u00e8de \u00c9tienne, inhum\u00e9 le 9 mars \u25ba1779, \u00e2g\u00e9 ..<\/p>\n<div class=\"clear-fix\"><\/div>\n<p><a href=\"https:\/\/www.lesmaconsdelacreuse.fr\/annuaires\/lettre-l\/l_850\/\" title=\"Lire la suite...\">Lire la suite<\/a><\/p>\n","protected":false},"author":6,"featured_media":0,"comment_status":"closed","ping_status":"closed","sticky":false,"template":"","format":"standard","meta":{"_acf_changed":false,"_exactmetrics_skip_tracking":false,"_exactmetrics_sitenote_active":false,"_exactmetrics_sitenote_note":"","_exactmetrics_sitenote_category":0,"footnotes":""},"categories":[19],"tags":[],"class_list":["post-6680","post","type-post","status-publish","format-standard","hentry","category-lettre-l"],"acf":[],"_links":{"self":[{"href":"https:\/\/www.lesmaconsdelacreuse.fr\/annuaires\/wp-json\/wp\/v2\/posts\/6680","targetHints":{"allow":["GET"]}}],"collection":[{"href":"https:\/\/www.lesmaconsdelacreuse.fr\/annuaires\/wp-json\/wp\/v2\/posts"}],"about":[{"href":"https:\/\/www.lesmaconsdelacreuse.fr\/annuaires\/wp-json\/wp\/v2\/types\/post"}],"author":[{"embeddable":true,"href":"https:\/\/www.lesmaconsdelacreuse.fr\/annuaires\/wp-json\/wp\/v2\/users\/6"}],"replies":[{"embeddable":true,"href":"https:\/\/www.lesmaconsdelacreuse.fr\/annuaires\/wp-json\/wp\/v2\/comments?post=6680"}],"version-history":[{"count":0,"href":"https:\/\/www.lesmaconsdelacreuse.fr\/annuaires\/wp-json\/wp\/v2\/posts\/6680\/revisions"}],"wp:attachment":[{"href":"https:\/\/www.lesmaconsdelacreuse.fr\/annuaires\/wp-json\/wp\/v2\/media?parent=6680"}],"wp:term":[{"taxonomy":"category","embeddable":true,"href":"https:\/\/www.lesmaconsdelacreuse.fr\/annuaires\/wp-json\/wp\/v2\/categories?post=6680"},{"taxonomy":"post_tag","embeddable":true,"href":"https:\/\/www.lesmaconsdelacreuse.fr\/annuaires\/wp-json\/wp\/v2\/tags?post=6680"}],"curies":[{"name":"wp","href":"https:\/\/api.w.org\/{rel}","templated":true}]}}