{"id":6681,"date":"2019-07-28T13:40:34","date_gmt":"2019-07-28T11:40:34","guid":{"rendered":"http:\/\/lesmaconsdelacreuse.fr\/annuaire\/?p=6681"},"modified":"2020-10-11T14:52:16","modified_gmt":"2020-10-11T12:52:16","slug":"l_812","status":"publish","type":"post","link":"https:\/\/www.lesmaconsdelacreuse.fr\/annuaires\/lettre-l\/l_812\/","title":{"rendered":"LEBRAUD L\u00e9onard (1751-avant 1786)"},"content":{"rendered":"<p class=\"last-updated\"><strong>Mis \u00e0 jour le :<\/strong> 28\/04\/2026<\/p><h2 style=\"text-align: center;\"><strong>L\u00e9onard LEBRAUD<\/strong><\/h2>\n<p style=\"text-align: center;\"><strong>1751 \u2013 avant 1786<\/strong><\/p>\n<p style=\"text-align: center;\"><img decoding=\"async\" title=\"\" src=\"https:\/\/lesmaconsdelacreuse.fr\/annuaire\/wp-content\/uploads\/2019\/07\/image1-1670.jpg\" alt=\"\" data-source-id=\"i.0\" data-asset-id=\"6679\" \/><\/p>\n<h4 style=\"text-align: center;\"><span style=\"color: #008000;\"><strong>ma\u00e7on <\/strong>et<strong> \u25ba<a href=\"https:\/\/www.lesmaconsdelacreuse.fr\/annuaires\/wp-content\/uploads\/2020\/08\/FERMIER-M\u00c9TAYER.png\" target=\"_blank\" rel=\"noopener noreferrer\"><span style=\"color: #008000;\">m\u00e9tayer<\/span><\/a><br \/>\n<\/strong><\/span><\/h4>\n<p>&nbsp;<\/p>\n<p style=\"text-align: center;\">n\u00e9 \u00e0 Villecros (Roy\u00e8re)<\/p>\n<p style=\"text-align: center;\">le 29 ao\u00fbt 1751<\/p>\n<p style=\"text-align: center;\">fils de<\/p>\n<p style=\"text-align: center;\">L\u00e9onard LEBRAUD, <span style=\"color: #008000;\"><strong>ma\u00e7on <\/strong><\/span><strong>\/ <\/strong>L\u00e9onarde CL\u00c9MENT<\/p>\n<p style=\"text-align: center;\">laboureurs<\/p>\n<p style=\"text-align: center;\"><span style=\"color: #ffffff;\">\u25d9<\/span><\/p>\n<p><em>L\u00e9onard \u00e9pouse Fran\u00e7oise <\/em><strong>COUTISSON<\/strong><em> le 1er f\u00e9vrier <\/em><strong>1774<\/strong><em> \u00e0 Roy\u00e8re (contrat Coutisson).<\/em><\/p>\n<p><em>Ils habitent Orladeix o\u00f9 Fran\u00e7oise d\u00e9c\u00e8de, inhum\u00e9e le 27 septembre <\/em><strong>1777<\/strong><em>, \u00e2g\u00e9e de 18 ans environ. <\/em><\/p>\n<p><em>L\u00e9onard se remarie le 2 mars <\/em><strong>1778<\/strong><em> \u00e0 Roy\u00e8re avec Anne <\/em><strong>CH\u00c2TAIN<\/strong><em>.<\/em><\/p>\n<p><em> Ils vivent au Leyris, \u00e0 Orladeix, puis \u00e0 Vauveix, m\u00eame paroisse de Roy\u00e8re, o\u00f9 Anne d\u00e9c\u00e8de veuve le 10 ao\u00fbt <\/em><strong>1786<\/strong>,<em> \u00e2g\u00e9e de 35 ans environ.<\/em><\/p>\n<p>&nbsp;<\/p>\n","protected":false},"excerpt":{"rendered":"<p>Mis \u00e0 jour le : 28\/04\/2026L\u00e9onard LEBRAUD 1751 \u2013 avant 1786 ma\u00e7on et \u25bam\u00e9tayer &nbsp; n\u00e9 \u00e0 Villecros (Roy\u00e8re) le 29 ao\u00fbt 1751 fils de L\u00e9onard LEBRAUD, ma\u00e7on \/ L\u00e9onarde CL\u00c9MENT laboureurs \u25d9 L\u00e9onard \u00e9pouse Fran\u00e7oise COUTISSON le 1er f\u00e9vrier 1774 \u00e0 Roy\u00e8re (contrat Coutisson). Ils habitent Orladeix o\u00f9 Fran\u00e7oise d\u00e9c\u00e8de, inhum\u00e9e le 27 septembre ..<\/p>\n<div class=\"clear-fix\"><\/div>\n<p><a href=\"https:\/\/www.lesmaconsdelacreuse.fr\/annuaires\/lettre-l\/l_812\/\" title=\"Lire la suite...\">Lire la suite<\/a><\/p>\n","protected":false},"author":6,"featured_media":0,"comment_status":"closed","ping_status":"closed","sticky":false,"template":"","format":"standard","meta":{"_acf_changed":false,"_exactmetrics_skip_tracking":false,"_exactmetrics_sitenote_active":false,"_exactmetrics_sitenote_note":"","_exactmetrics_sitenote_category":0,"footnotes":""},"categories":[19],"tags":[],"class_list":["post-6681","post","type-post","status-publish","format-standard","hentry","category-lettre-l"],"acf":[],"_links":{"self":[{"href":"https:\/\/www.lesmaconsdelacreuse.fr\/annuaires\/wp-json\/wp\/v2\/posts\/6681","targetHints":{"allow":["GET"]}}],"collection":[{"href":"https:\/\/www.lesmaconsdelacreuse.fr\/annuaires\/wp-json\/wp\/v2\/posts"}],"about":[{"href":"https:\/\/www.lesmaconsdelacreuse.fr\/annuaires\/wp-json\/wp\/v2\/types\/post"}],"author":[{"embeddable":true,"href":"https:\/\/www.lesmaconsdelacreuse.fr\/annuaires\/wp-json\/wp\/v2\/users\/6"}],"replies":[{"embeddable":true,"href":"https:\/\/www.lesmaconsdelacreuse.fr\/annuaires\/wp-json\/wp\/v2\/comments?post=6681"}],"version-history":[{"count":0,"href":"https:\/\/www.lesmaconsdelacreuse.fr\/annuaires\/wp-json\/wp\/v2\/posts\/6681\/revisions"}],"wp:attachment":[{"href":"https:\/\/www.lesmaconsdelacreuse.fr\/annuaires\/wp-json\/wp\/v2\/media?parent=6681"}],"wp:term":[{"taxonomy":"category","embeddable":true,"href":"https:\/\/www.lesmaconsdelacreuse.fr\/annuaires\/wp-json\/wp\/v2\/categories?post=6681"},{"taxonomy":"post_tag","embeddable":true,"href":"https:\/\/www.lesmaconsdelacreuse.fr\/annuaires\/wp-json\/wp\/v2\/tags?post=6681"}],"curies":[{"name":"wp","href":"https:\/\/api.w.org\/{rel}","templated":true}]}}