{"id":6684,"date":"2019-07-28T13:40:34","date_gmt":"2019-07-28T11:40:34","guid":{"rendered":"http:\/\/lesmaconsdelacreuse.fr\/annuaire\/?p=6684"},"modified":"2022-04-10T17:01:08","modified_gmt":"2022-04-10T15:01:08","slug":"l_815","status":"publish","type":"post","link":"https:\/\/www.lesmaconsdelacreuse.fr\/annuaires\/lettre-l\/l_815\/","title":{"rendered":"LEBRAUD L\u00e9onard (1783-1824)"},"content":{"rendered":"<p class=\"last-updated\"><strong>Mis \u00e0 jour le :<\/strong> 28\/04\/2026<\/p><h2 style=\"text-align: center;\"><strong>L\u00e9onard LEBRAUD<\/strong><\/h2>\n<p style=\"text-align: center;\"><strong>1783 \u2013 1824<\/strong><\/p>\n<p style=\"text-align: center;\"><img decoding=\"async\" title=\"\" src=\"https:\/\/lesmaconsdelacreuse.fr\/annuaire\/wp-content\/uploads\/2019\/07\/image1-1671.jpg\" alt=\"\" data-source-id=\"i.0\" data-asset-id=\"6682\" \/><\/p>\n<h4 style=\"text-align: center;\"><span style=\"color: #008000;\"><strong>ma\u00e7on <\/strong>et<strong> cultivateur<\/strong><\/span><\/h4>\n<p>&nbsp;<\/p>\n<p style=\"text-align: center;\">n\u00e9 \u00e0 Orladeix (Roy\u00e8re)<\/p>\n<p style=\"text-align: center;\">le 10 novembre 1783<\/p>\n<p style=\"text-align: center;\">fils de<\/p>\n<p style=\"text-align: center;\">L\u00e9onard LEBRAUD, <span style=\"color: #008000;\"><strong>ma\u00e7on <\/strong><\/span><strong>\/ <\/strong>Anne CH\u00c2TAIN<\/p>\n<p style=\"text-align: center;\">\u25ba<a href=\"https:\/\/www.lesmaconsdelacreuse.fr\/annuaires\/wp-content\/uploads\/2020\/08\/FERMIER-M\u00c9TAYER.png\" target=\"_blank\" rel=\"noopener noreferrer\">m\u00e9tayers<\/a><\/p>\n<p style=\"text-align: center;\"><span style=\"color: #ffffff;\">\u25d9<\/span><\/p>\n<p><em>L\u00e9onard \u00e9pouse Jeanne <\/em><strong>VIEILLAUD<\/strong><em> le 17 f\u00e9vrier <\/em><strong>1806<\/strong><em> \u00e0 Roy\u00e8re. <\/em><\/p>\n<p><em>Ils habitent Chassagnas, m\u00eame commune.<\/em><\/p>\n<p><em>Ils d\u00e9c\u00e8dent\u00a0:<\/em><\/p>\n<ul>\n<li><em>Jeanne, \u00e0 Chassagnas, le 5 ao\u00fbt <\/em><strong>1820<\/strong><em>, \u00e2g\u00e9e de 37 ans<\/em><\/li>\n<li><em>L\u00e9onard, \u00e0 <\/em><strong><span style=\"color: #0000ff;\">Sigogne (16)<\/span>, <\/strong><em>o\u00f9 il travaille, le 29 octobre <\/em><strong>1824<\/strong><em>, \u00e2g\u00e9 de 40 ans, dans la maison de Pierre Camus, aubergiste<\/em><\/li>\n<\/ul>\n<p>&nbsp;<\/p>\n","protected":false},"excerpt":{"rendered":"<p>Mis \u00e0 jour le : 28\/04\/2026L\u00e9onard LEBRAUD 1783 \u2013 1824 ma\u00e7on et cultivateur &nbsp; n\u00e9 \u00e0 Orladeix (Roy\u00e8re) le 10 novembre 1783 fils de L\u00e9onard LEBRAUD, ma\u00e7on \/ Anne CH\u00c2TAIN \u25bam\u00e9tayers \u25d9 L\u00e9onard \u00e9pouse Jeanne VIEILLAUD le 17 f\u00e9vrier 1806 \u00e0 Roy\u00e8re. Ils habitent Chassagnas, m\u00eame commune. Ils d\u00e9c\u00e8dent\u00a0: Jeanne, \u00e0 Chassagnas, le 5 ao\u00fbt ..<\/p>\n<div class=\"clear-fix\"><\/div>\n<p><a href=\"https:\/\/www.lesmaconsdelacreuse.fr\/annuaires\/lettre-l\/l_815\/\" title=\"Lire la suite...\">Lire la suite<\/a><\/p>\n","protected":false},"author":6,"featured_media":0,"comment_status":"closed","ping_status":"closed","sticky":false,"template":"","format":"standard","meta":{"_acf_changed":false,"_exactmetrics_skip_tracking":false,"_exactmetrics_sitenote_active":false,"_exactmetrics_sitenote_note":"","_exactmetrics_sitenote_category":0,"footnotes":""},"categories":[19],"tags":[],"class_list":["post-6684","post","type-post","status-publish","format-standard","hentry","category-lettre-l"],"acf":[],"_links":{"self":[{"href":"https:\/\/www.lesmaconsdelacreuse.fr\/annuaires\/wp-json\/wp\/v2\/posts\/6684","targetHints":{"allow":["GET"]}}],"collection":[{"href":"https:\/\/www.lesmaconsdelacreuse.fr\/annuaires\/wp-json\/wp\/v2\/posts"}],"about":[{"href":"https:\/\/www.lesmaconsdelacreuse.fr\/annuaires\/wp-json\/wp\/v2\/types\/post"}],"author":[{"embeddable":true,"href":"https:\/\/www.lesmaconsdelacreuse.fr\/annuaires\/wp-json\/wp\/v2\/users\/6"}],"replies":[{"embeddable":true,"href":"https:\/\/www.lesmaconsdelacreuse.fr\/annuaires\/wp-json\/wp\/v2\/comments?post=6684"}],"version-history":[{"count":3,"href":"https:\/\/www.lesmaconsdelacreuse.fr\/annuaires\/wp-json\/wp\/v2\/posts\/6684\/revisions"}],"predecessor-version":[{"id":197369,"href":"https:\/\/www.lesmaconsdelacreuse.fr\/annuaires\/wp-json\/wp\/v2\/posts\/6684\/revisions\/197369"}],"wp:attachment":[{"href":"https:\/\/www.lesmaconsdelacreuse.fr\/annuaires\/wp-json\/wp\/v2\/media?parent=6684"}],"wp:term":[{"taxonomy":"category","embeddable":true,"href":"https:\/\/www.lesmaconsdelacreuse.fr\/annuaires\/wp-json\/wp\/v2\/categories?post=6684"},{"taxonomy":"post_tag","embeddable":true,"href":"https:\/\/www.lesmaconsdelacreuse.fr\/annuaires\/wp-json\/wp\/v2\/tags?post=6684"}],"curies":[{"name":"wp","href":"https:\/\/api.w.org\/{rel}","templated":true}]}}