{"id":6685,"date":"2019-07-28T13:40:33","date_gmt":"2019-07-28T11:40:33","guid":{"rendered":"http:\/\/lesmaconsdelacreuse.fr\/annuaire\/?p=6685"},"modified":"2020-10-14T10:14:47","modified_gmt":"2020-10-14T08:14:47","slug":"l_798","status":"publish","type":"post","link":"https:\/\/www.lesmaconsdelacreuse.fr\/annuaires\/lettre-l\/l_798\/","title":{"rendered":"LEBRAUD Jean (1880-1948)"},"content":{"rendered":"<p class=\"last-updated\"><strong>Mis \u00e0 jour le :<\/strong> 28\/04\/2026<\/p><h2 style=\"text-align: center;\"><strong>Jean LEBRAUD<\/strong><\/h2>\n<p style=\"text-align: center;\"><strong>1880 &#8211; 1948<\/strong><\/p>\n<h4 style=\"text-align: center;\"><span style=\"color: #008000;\"><strong>ma\u00e7on<\/strong><\/span><\/h4>\n<p>&nbsp;<\/p>\n<p style=\"text-align: center;\">n\u00e9 \u00e0 La Mazure (Roy\u00e8re)<\/p>\n<p style=\"text-align: center;\">le 25 septembre 1880<\/p>\n<p style=\"text-align: center;\">fils de<\/p>\n<p style=\"text-align: center;\">Henri Florentin,\u00a0<strong>\u25ba\u00a0<\/strong><a href=\"https:\/\/www.lesmaconsdelacreuse.fr\/annuaires\/wp-content\/uploads\/2020\/07\/MA\u00ceTRE-MA\u00c7ON.png\" target=\"_blank\" rel=\"noopener noreferrer\"><strong><span style=\"color: #008000;\">ma\u00eetre ma\u00e7on<\/span><\/strong><\/a><\/p>\n<p style=\"text-align: center;\">Marie LEBRAUD, cultivatrice<\/p>\n<p style=\"text-align: center;\"><span style=\"color: #ffffff;\">\u25d9<\/span><\/p>\n<p><strong>En 1901<\/strong><em>, Jean travaille dans la <\/em><span style=\"color: #0000ff;\"><strong>Seine (75)<\/strong><\/span><em> et y passe le conseil de r\u00e9vision.<\/em><\/p>\n<p>En avril <strong>1903<\/strong><em>, il habite<\/em><span style=\"color: #0000ff;\"><strong> Saint-Ouen (93)<\/strong><\/span><em> , 36, rue des Graviers.<\/em><\/p>\n<p><em> Il \u00e9pouse Marie <\/em><strong>CHAPEAU<\/strong><em>\u00a0 \u00e0 Saint-Ouen, le 5 d\u00e9cembre<\/em> <em>de la m\u00eame ann\u00e9e. <\/em><\/p>\n<p><strong>En 1921<\/strong><em>, les \u00e9poux habitent <\/em><span style=\"color: #0000ff;\"><strong>Villejuif (94)<\/strong><\/span><em>, 25, voie de Gournay.<\/em><\/p>\n<p><em> Jean d\u00e9c\u00e8de \u00e0 Villejuif le 24 janvier <\/em><strong>1948<\/strong><em>, \u00e2g\u00e9 de 67 ans. <\/em><\/p>\n<p>&nbsp;<\/p>\n","protected":false},"excerpt":{"rendered":"<p>Mis \u00e0 jour le : 28\/04\/2026Jean LEBRAUD 1880 &#8211; 1948 ma\u00e7on &nbsp; n\u00e9 \u00e0 La Mazure (Roy\u00e8re) le 25 septembre 1880 fils de Henri Florentin,\u00a0\u25ba\u00a0ma\u00eetre ma\u00e7on Marie LEBRAUD, cultivatrice \u25d9 En 1901, Jean travaille dans la Seine (75) et y passe le conseil de r\u00e9vision. En avril 1903, il habite Saint-Ouen (93) , 36, rue ..<\/p>\n<div class=\"clear-fix\"><\/div>\n<p><a href=\"https:\/\/www.lesmaconsdelacreuse.fr\/annuaires\/lettre-l\/l_798\/\" title=\"Lire la suite...\">Lire la suite<\/a><\/p>\n","protected":false},"author":6,"featured_media":0,"comment_status":"closed","ping_status":"closed","sticky":false,"template":"","format":"standard","meta":{"_acf_changed":false,"_exactmetrics_skip_tracking":false,"_exactmetrics_sitenote_active":false,"_exactmetrics_sitenote_note":"","_exactmetrics_sitenote_category":0,"footnotes":""},"categories":[19],"tags":[],"class_list":["post-6685","post","type-post","status-publish","format-standard","hentry","category-lettre-l"],"acf":[],"_links":{"self":[{"href":"https:\/\/www.lesmaconsdelacreuse.fr\/annuaires\/wp-json\/wp\/v2\/posts\/6685","targetHints":{"allow":["GET"]}}],"collection":[{"href":"https:\/\/www.lesmaconsdelacreuse.fr\/annuaires\/wp-json\/wp\/v2\/posts"}],"about":[{"href":"https:\/\/www.lesmaconsdelacreuse.fr\/annuaires\/wp-json\/wp\/v2\/types\/post"}],"author":[{"embeddable":true,"href":"https:\/\/www.lesmaconsdelacreuse.fr\/annuaires\/wp-json\/wp\/v2\/users\/6"}],"replies":[{"embeddable":true,"href":"https:\/\/www.lesmaconsdelacreuse.fr\/annuaires\/wp-json\/wp\/v2\/comments?post=6685"}],"version-history":[{"count":0,"href":"https:\/\/www.lesmaconsdelacreuse.fr\/annuaires\/wp-json\/wp\/v2\/posts\/6685\/revisions"}],"wp:attachment":[{"href":"https:\/\/www.lesmaconsdelacreuse.fr\/annuaires\/wp-json\/wp\/v2\/media?parent=6685"}],"wp:term":[{"taxonomy":"category","embeddable":true,"href":"https:\/\/www.lesmaconsdelacreuse.fr\/annuaires\/wp-json\/wp\/v2\/categories?post=6685"},{"taxonomy":"post_tag","embeddable":true,"href":"https:\/\/www.lesmaconsdelacreuse.fr\/annuaires\/wp-json\/wp\/v2\/tags?post=6685"}],"curies":[{"name":"wp","href":"https:\/\/api.w.org\/{rel}","templated":true}]}}