{"id":6686,"date":"2019-07-28T13:40:33","date_gmt":"2019-07-28T11:40:33","guid":{"rendered":"http:\/\/lesmaconsdelacreuse.fr\/annuaire\/?p=6686"},"modified":"2022-06-06T18:07:41","modified_gmt":"2022-06-06T16:07:41","slug":"l_844","status":"publish","type":"post","link":"https:\/\/www.lesmaconsdelacreuse.fr\/annuaires\/lettre-l\/l_844\/","title":{"rendered":"LEBRETTE Pierre (1839-1868)"},"content":{"rendered":"<p class=\"last-updated\"><strong>Mis \u00e0 jour le :<\/strong> 28\/04\/2026<\/p><h2 style=\"text-align: center;\"><strong>Pierre LEBRETTE<\/strong><\/h2>\n<p style=\"text-align: center;\"><strong>1839 \u2013 1868<\/strong><\/p>\n<p><a href=\"https:\/\/www.lesmaconsdelacreuse.fr\/annuaires\/wp-content\/uploads\/2019\/07\/LEBRETTE-Pierre-1839.jpg\"><img loading=\"lazy\" decoding=\"async\" class=\"size-full wp-image-199988 aligncenter\" src=\"https:\/\/www.lesmaconsdelacreuse.fr\/annuaires\/wp-content\/uploads\/2019\/07\/LEBRETTE-Pierre-1839.jpg\" alt=\"\" width=\"145\" height=\"55\" srcset=\"https:\/\/www.lesmaconsdelacreuse.fr\/annuaires\/wp-content\/uploads\/2019\/07\/LEBRETTE-Pierre-1839.jpg 145w, https:\/\/www.lesmaconsdelacreuse.fr\/annuaires\/wp-content\/uploads\/2019\/07\/LEBRETTE-Pierre-1839-16x6.jpg 16w\" sizes=\"auto, (max-width: 145px) 100vw, 145px\" \/><\/a><\/p>\n<h4 style=\"text-align: center;\"><span style=\"color: #008000;\"><strong>ma\u00e7on<\/strong><\/span><\/h4>\n<p style=\"text-align: center;\">n\u00e9 au bourg de Saint-Moreil<\/p>\n<p style=\"text-align: center;\">le 7 f\u00e9vrier 1839<\/p>\n<p style=\"text-align: center;\">fils de<\/p>\n<p style=\"text-align: center;\">L\u00e9onard LEBRETTE,<span style=\"color: #008000;\"> <strong>ma\u00e7on<\/strong><\/span><\/p>\n<p style=\"text-align: center;\">Jeanne LASFARGEAS, cultivatrice<\/p>\n<p>&nbsp;<\/p>\n<p><strong>En 1859<\/strong><em>, Pierre est exempt\u00e9 de service militaire pour faiblesse de constitution.<\/em><\/p>\n<p><em>\u00a0 <\/em><em>Il \u00e9pouse Marie <\/em><strong>VILLEJOUBERT<\/strong><em> le 11 mars <\/em><strong>1862<\/strong><em> \u00e0 Auriat (contrat Jacquet \u00e0 Sauviat).<\/em><\/p>\n<p><em>\u00a0<\/em><em>Ils habitent d\u2019abord \u00a0Auriat.<\/em><\/p>\n<p><strong>\u00a0En 1868<\/strong><em>, Pierre travaille \u00e0 <\/em><span style=\"color: #0000ff;\"><strong>Monthieux (01)<\/strong><\/span><em>, et les \u00e9poux habitent \u00ab\u00a0sur le Quai\u00a0\u00bb.<\/em><\/p>\n<p><em>\u00a0<\/em><em>Pierre y d\u00e9c\u00e8de le 9 ao\u00fbt de la m\u00eame ann\u00e9e, \u00e2g\u00e9 de 29 ans.<\/em><\/p>\n","protected":false},"excerpt":{"rendered":"<p>Mis \u00e0 jour le : 28\/04\/2026Pierre LEBRETTE 1839 \u2013 1868 ma\u00e7on n\u00e9 au bourg de Saint-Moreil le 7 f\u00e9vrier 1839 fils de L\u00e9onard LEBRETTE, ma\u00e7on Jeanne LASFARGEAS, cultivatrice &nbsp; En 1859, Pierre est exempt\u00e9 de service militaire pour faiblesse de constitution. \u00a0 Il \u00e9pouse Marie VILLEJOUBERT le 11 mars 1862 \u00e0 Auriat (contrat Jacquet \u00e0 ..<\/p>\n<div class=\"clear-fix\"><\/div>\n<p><a href=\"https:\/\/www.lesmaconsdelacreuse.fr\/annuaires\/lettre-l\/l_844\/\" title=\"Lire la suite...\">Lire la suite<\/a><\/p>\n","protected":false},"author":6,"featured_media":0,"comment_status":"closed","ping_status":"closed","sticky":false,"template":"","format":"standard","meta":{"_acf_changed":false,"_exactmetrics_skip_tracking":false,"_exactmetrics_sitenote_active":false,"_exactmetrics_sitenote_note":"","_exactmetrics_sitenote_category":0,"footnotes":""},"categories":[19],"tags":[],"class_list":["post-6686","post","type-post","status-publish","format-standard","hentry","category-lettre-l"],"acf":[],"_links":{"self":[{"href":"https:\/\/www.lesmaconsdelacreuse.fr\/annuaires\/wp-json\/wp\/v2\/posts\/6686","targetHints":{"allow":["GET"]}}],"collection":[{"href":"https:\/\/www.lesmaconsdelacreuse.fr\/annuaires\/wp-json\/wp\/v2\/posts"}],"about":[{"href":"https:\/\/www.lesmaconsdelacreuse.fr\/annuaires\/wp-json\/wp\/v2\/types\/post"}],"author":[{"embeddable":true,"href":"https:\/\/www.lesmaconsdelacreuse.fr\/annuaires\/wp-json\/wp\/v2\/users\/6"}],"replies":[{"embeddable":true,"href":"https:\/\/www.lesmaconsdelacreuse.fr\/annuaires\/wp-json\/wp\/v2\/comments?post=6686"}],"version-history":[{"count":3,"href":"https:\/\/www.lesmaconsdelacreuse.fr\/annuaires\/wp-json\/wp\/v2\/posts\/6686\/revisions"}],"predecessor-version":[{"id":199989,"href":"https:\/\/www.lesmaconsdelacreuse.fr\/annuaires\/wp-json\/wp\/v2\/posts\/6686\/revisions\/199989"}],"wp:attachment":[{"href":"https:\/\/www.lesmaconsdelacreuse.fr\/annuaires\/wp-json\/wp\/v2\/media?parent=6686"}],"wp:term":[{"taxonomy":"category","embeddable":true,"href":"https:\/\/www.lesmaconsdelacreuse.fr\/annuaires\/wp-json\/wp\/v2\/categories?post=6686"},{"taxonomy":"post_tag","embeddable":true,"href":"https:\/\/www.lesmaconsdelacreuse.fr\/annuaires\/wp-json\/wp\/v2\/tags?post=6686"}],"curies":[{"name":"wp","href":"https:\/\/api.w.org\/{rel}","templated":true}]}}