{"id":6689,"date":"2019-07-28T13:40:33","date_gmt":"2019-07-28T11:40:33","guid":{"rendered":"http:\/\/lesmaconsdelacreuse.fr\/annuaire\/?p=6689"},"modified":"2022-06-06T18:07:12","modified_gmt":"2022-06-06T16:07:12","slug":"l_842","status":"publish","type":"post","link":"https:\/\/www.lesmaconsdelacreuse.fr\/annuaires\/lettre-l\/l_842\/","title":{"rendered":"LEBRETTE Jean (1848-1914)"},"content":{"rendered":"<p class=\"last-updated\"><strong>Mis \u00e0 jour le :<\/strong> 28\/04\/2026<\/p><h2 style=\"text-align: center;\"><strong>Jean LEBRETTE<\/strong><\/h2>\n<p style=\"text-align: center;\"><strong>1848 \u2013 1914<\/strong><\/p>\n<p><a href=\"https:\/\/www.lesmaconsdelacreuse.fr\/annuaires\/wp-content\/uploads\/2019\/07\/LEBRETTE-Jean-1848.jpg\"><img loading=\"lazy\" decoding=\"async\" class=\"size-full wp-image-199986 aligncenter\" src=\"https:\/\/www.lesmaconsdelacreuse.fr\/annuaires\/wp-content\/uploads\/2019\/07\/LEBRETTE-Jean-1848.jpg\" alt=\"\" width=\"299\" height=\"70\" srcset=\"https:\/\/www.lesmaconsdelacreuse.fr\/annuaires\/wp-content\/uploads\/2019\/07\/LEBRETTE-Jean-1848.jpg 299w, https:\/\/www.lesmaconsdelacreuse.fr\/annuaires\/wp-content\/uploads\/2019\/07\/LEBRETTE-Jean-1848-16x4.jpg 16w, https:\/\/www.lesmaconsdelacreuse.fr\/annuaires\/wp-content\/uploads\/2019\/07\/LEBRETTE-Jean-1848-150x35.jpg 150w\" sizes=\"auto, (max-width: 299px) 100vw, 299px\" \/><\/a><\/p>\n<h4 style=\"text-align: center;\"><span style=\"color: #008000;\"><strong>ma\u00e7on et sabotier<\/strong><\/span><\/h4>\n<p style=\"text-align: center;\">n\u00e9 au bourg du Saint-Moreil<\/p>\n<p style=\"text-align: center;\">le 30 septembre 1848<\/p>\n<p style=\"text-align: center;\">fils de<\/p>\n<p style=\"text-align: center;\">L\u00e9onard LEBRETTE, <span style=\"color: #008000;\"><strong>ma\u00e7on<\/strong><\/span><\/p>\n<p style=\"text-align: center;\">Jeanne LASFARGEAS, cultivatrice<\/p>\n<p>&nbsp;<\/p>\n<p><strong>En 1868<\/strong>,<em> lors du conseil de r\u00e9vision, Jean est <\/em><strong><span style=\"color: #008000;\">ma\u00e7on<\/span>.<\/strong><\/p>\n<p><span style=\"color: #008000;\"><strong>Sabotier<\/strong><\/span><em>, il \u00e9pouse Marie <\/em><strong>ROUSSEAU<\/strong><em>, cultivatrice, le 8 f\u00e9vrier <\/em><strong>1877<\/strong> <em>\u00e0 Ch\u00e2telus-le-Marcheix. Ils habitent le bourg de Saint-Moreil.<\/em><\/p>\n<p><em>\u00a0<\/em><em>Ils y d\u00e9c\u00e8dent\u00a0:<\/em><\/p>\n<ul>\n<li><em>Marie, le 18 juillet <\/em><strong>1899<\/strong><em>, \u00e2g\u00e9e de 42 ans<\/em><\/li>\n<li><em>Jean, le 4 d\u00e9cembre <\/em><strong>1914<\/strong><em>, \u00e2g\u00e9 de 66 ans<\/em><\/li>\n<\/ul>\n","protected":false},"excerpt":{"rendered":"<p>Mis \u00e0 jour le : 28\/04\/2026Jean LEBRETTE 1848 \u2013 1914 ma\u00e7on et sabotier n\u00e9 au bourg du Saint-Moreil le 30 septembre 1848 fils de L\u00e9onard LEBRETTE, ma\u00e7on Jeanne LASFARGEAS, cultivatrice &nbsp; En 1868, lors du conseil de r\u00e9vision, Jean est ma\u00e7on. Sabotier, il \u00e9pouse Marie ROUSSEAU, cultivatrice, le 8 f\u00e9vrier 1877 \u00e0 Ch\u00e2telus-le-Marcheix. Ils habitent ..<\/p>\n<div class=\"clear-fix\"><\/div>\n<p><a href=\"https:\/\/www.lesmaconsdelacreuse.fr\/annuaires\/lettre-l\/l_842\/\" title=\"Lire la suite...\">Lire la suite<\/a><\/p>\n","protected":false},"author":6,"featured_media":0,"comment_status":"closed","ping_status":"closed","sticky":false,"template":"","format":"standard","meta":{"_acf_changed":false,"_exactmetrics_skip_tracking":false,"_exactmetrics_sitenote_active":false,"_exactmetrics_sitenote_note":"","_exactmetrics_sitenote_category":0,"footnotes":""},"categories":[19],"tags":[],"class_list":["post-6689","post","type-post","status-publish","format-standard","hentry","category-lettre-l"],"acf":[],"_links":{"self":[{"href":"https:\/\/www.lesmaconsdelacreuse.fr\/annuaires\/wp-json\/wp\/v2\/posts\/6689","targetHints":{"allow":["GET"]}}],"collection":[{"href":"https:\/\/www.lesmaconsdelacreuse.fr\/annuaires\/wp-json\/wp\/v2\/posts"}],"about":[{"href":"https:\/\/www.lesmaconsdelacreuse.fr\/annuaires\/wp-json\/wp\/v2\/types\/post"}],"author":[{"embeddable":true,"href":"https:\/\/www.lesmaconsdelacreuse.fr\/annuaires\/wp-json\/wp\/v2\/users\/6"}],"replies":[{"embeddable":true,"href":"https:\/\/www.lesmaconsdelacreuse.fr\/annuaires\/wp-json\/wp\/v2\/comments?post=6689"}],"version-history":[{"count":4,"href":"https:\/\/www.lesmaconsdelacreuse.fr\/annuaires\/wp-json\/wp\/v2\/posts\/6689\/revisions"}],"predecessor-version":[{"id":199987,"href":"https:\/\/www.lesmaconsdelacreuse.fr\/annuaires\/wp-json\/wp\/v2\/posts\/6689\/revisions\/199987"}],"wp:attachment":[{"href":"https:\/\/www.lesmaconsdelacreuse.fr\/annuaires\/wp-json\/wp\/v2\/media?parent=6689"}],"wp:term":[{"taxonomy":"category","embeddable":true,"href":"https:\/\/www.lesmaconsdelacreuse.fr\/annuaires\/wp-json\/wp\/v2\/categories?post=6689"},{"taxonomy":"post_tag","embeddable":true,"href":"https:\/\/www.lesmaconsdelacreuse.fr\/annuaires\/wp-json\/wp\/v2\/tags?post=6689"}],"curies":[{"name":"wp","href":"https:\/\/api.w.org\/{rel}","templated":true}]}}