{"id":6702,"date":"2019-07-28T13:40:32","date_gmt":"2019-07-28T11:40:32","guid":{"rendered":"http:\/\/lesmaconsdelacreuse.fr\/annuaire\/?p=6702"},"modified":"2023-01-02T10:40:39","modified_gmt":"2023-01-02T09:40:39","slug":"l_825","status":"publish","type":"post","link":"https:\/\/www.lesmaconsdelacreuse.fr\/annuaires\/lettre-l\/l_825\/","title":{"rendered":"LEBRAUD Martial (1658-1698)"},"content":{"rendered":"<p class=\"last-updated\"><strong>Mis \u00e0 jour le :<\/strong> 28\/04\/2026<\/p><h2 style=\"text-align: center;\"><strong>Martial LEBRAUD<\/strong><\/h2>\n<p style=\"text-align: center;\"><strong>1658 \u2013 1698<\/strong><\/p>\n<p style=\"text-align: center;\"><img decoding=\"async\" title=\"\" src=\"https:\/\/lesmaconsdelacreuse.fr\/annuaire\/wp-content\/uploads\/2019\/07\/image1-1676.jpg\" alt=\"\" data-source-id=\"i.0\" data-asset-id=\"6698\" \/><\/p>\n<h4 style=\"text-align: center;\"><span style=\"color: #008000;\"><strong>ma\u00e7on<\/strong>; <strong>laboureur <\/strong>et<strong> \u25ba<a href=\"https:\/\/www.lesmaconsdelacreuse.fr\/annuaires\/wp-content\/uploads\/2020\/08\/FERMIER-M\u00c9TAYER.png\" target=\"_blank\" rel=\"noopener noreferrer\"><span style=\"color: #008000;\">m\u00e9tayer<\/span><\/a><br \/>\n<\/strong><\/span><\/h4>\n<p>&nbsp;<\/p>\n<p style=\"text-align: center;\">n\u00e9 \u00e0 Masgrangeas (Roy\u00e8re)<\/p>\n<p style=\"text-align: center;\">le 19 mars 1658<\/p>\n<p style=\"text-align: center;\">fils de<\/p>\n<p style=\"text-align: center;\">Martial LEBRAUD \/ Catherine LEROUDIER<\/p>\n<p style=\"text-align: center;\">laboureurs<\/p>\n<p style=\"text-align: center;\"><span style=\"color: #ffffff;\">\u25d9<\/span><\/p>\n<p><em>Martial \u00e9pouse L\u00e9onarde <\/em><strong>BORNE<\/strong><em> le 7 f\u00e9vrier <\/em><strong>1684<\/strong><em> \u00e0 Roy\u00e8re (contrat B\u00e9nassy \u00e0 Gentioux). <\/em><\/p>\n<p><em>Martial d\u00e9c\u00e8de \u00e0 Masgrangeas le 1er novembre <\/em><strong>1698<\/strong><em>, \u00e2g\u00e9 de 40 ans. <\/em><\/p>\n<p><em>Sa veuve se remarie en 1702 avec Antoine B\u00c9NASSY.<\/em><\/p>\n<p>S17<\/p>\n<p>&nbsp;<\/p>\n","protected":false},"excerpt":{"rendered":"<p>Mis \u00e0 jour le : 28\/04\/2026Martial LEBRAUD 1658 \u2013 1698 ma\u00e7on; laboureur et \u25bam\u00e9tayer &nbsp; n\u00e9 \u00e0 Masgrangeas (Roy\u00e8re) le 19 mars 1658 fils de Martial LEBRAUD \/ Catherine LEROUDIER laboureurs \u25d9 Martial \u00e9pouse L\u00e9onarde BORNE le 7 f\u00e9vrier 1684 \u00e0 Roy\u00e8re (contrat B\u00e9nassy \u00e0 Gentioux). Martial d\u00e9c\u00e8de \u00e0 Masgrangeas le 1er novembre 1698, \u00e2g\u00e9 ..<\/p>\n<div class=\"clear-fix\"><\/div>\n<p><a href=\"https:\/\/www.lesmaconsdelacreuse.fr\/annuaires\/lettre-l\/l_825\/\" title=\"Lire la suite...\">Lire la suite<\/a><\/p>\n","protected":false},"author":6,"featured_media":0,"comment_status":"closed","ping_status":"closed","sticky":false,"template":"","format":"standard","meta":{"_acf_changed":false,"_exactmetrics_skip_tracking":false,"_exactmetrics_sitenote_active":false,"_exactmetrics_sitenote_note":"","_exactmetrics_sitenote_category":0,"footnotes":""},"categories":[19],"tags":[],"class_list":["post-6702","post","type-post","status-publish","format-standard","hentry","category-lettre-l"],"acf":[],"_links":{"self":[{"href":"https:\/\/www.lesmaconsdelacreuse.fr\/annuaires\/wp-json\/wp\/v2\/posts\/6702","targetHints":{"allow":["GET"]}}],"collection":[{"href":"https:\/\/www.lesmaconsdelacreuse.fr\/annuaires\/wp-json\/wp\/v2\/posts"}],"about":[{"href":"https:\/\/www.lesmaconsdelacreuse.fr\/annuaires\/wp-json\/wp\/v2\/types\/post"}],"author":[{"embeddable":true,"href":"https:\/\/www.lesmaconsdelacreuse.fr\/annuaires\/wp-json\/wp\/v2\/users\/6"}],"replies":[{"embeddable":true,"href":"https:\/\/www.lesmaconsdelacreuse.fr\/annuaires\/wp-json\/wp\/v2\/comments?post=6702"}],"version-history":[{"count":1,"href":"https:\/\/www.lesmaconsdelacreuse.fr\/annuaires\/wp-json\/wp\/v2\/posts\/6702\/revisions"}],"predecessor-version":[{"id":203395,"href":"https:\/\/www.lesmaconsdelacreuse.fr\/annuaires\/wp-json\/wp\/v2\/posts\/6702\/revisions\/203395"}],"wp:attachment":[{"href":"https:\/\/www.lesmaconsdelacreuse.fr\/annuaires\/wp-json\/wp\/v2\/media?parent=6702"}],"wp:term":[{"taxonomy":"category","embeddable":true,"href":"https:\/\/www.lesmaconsdelacreuse.fr\/annuaires\/wp-json\/wp\/v2\/categories?post=6702"},{"taxonomy":"post_tag","embeddable":true,"href":"https:\/\/www.lesmaconsdelacreuse.fr\/annuaires\/wp-json\/wp\/v2\/tags?post=6702"}],"curies":[{"name":"wp","href":"https:\/\/api.w.org\/{rel}","templated":true}]}}