{"id":6706,"date":"2019-07-28T13:40:31","date_gmt":"2019-07-28T11:40:31","guid":{"rendered":"http:\/\/lesmaconsdelacreuse.fr\/annuaire\/?p=6706"},"modified":"2020-01-20T11:27:38","modified_gmt":"2020-01-20T10:27:38","slug":"l_853","status":"publish","type":"post","link":"https:\/\/www.lesmaconsdelacreuse.fr\/annuaires\/lettre-l\/l_853\/","title":{"rendered":"LECLERC Fran\u00e7ois Gilbert (1902-1981)"},"content":{"rendered":"<p class=\"last-updated\"><strong>Mis \u00e0 jour le :<\/strong> 28\/04\/2026<\/p><h2 style=\"text-align: center;\"><strong>Fran\u00e7ois Gilbert LECLERC<\/strong><\/h2>\n<p style=\"text-align: center;\"><strong>Fran\u00e7ois LECLERC<\/strong><\/p>\n<p style=\"text-align: center;\"><strong>1902 \u2013 1981<\/strong><\/p>\n<p style=\"text-align: center;\"><img decoding=\"async\" title=\"\" src=\"https:\/\/lesmaconsdelacreuse.fr\/annuaire\/wp-content\/uploads\/2019\/07\/image1-1678.jpg\" alt=\"\" data-source-id=\"i.0\" data-asset-id=\"6701\" \/><\/p>\n<h4 style=\"text-align: center;\"><span style=\"color: #008000;\"><strong>entrepreneur<\/strong><\/span><\/h4>\n<p style=\"text-align: center;\">n\u00e9 aux Bordes (Roy\u00e8re)<\/p>\n<p style=\"text-align: center;\">le 3 octobre 1902<\/p>\n<p style=\"text-align: center;\">fils de<\/p>\n<p style=\"text-align: center;\">Philippe Gilbert LECLERC,<span style=\"color: #008000;\"><strong> entrepreneur de ma\u00e7onnerie<\/strong><\/span><\/p>\n<p style=\"text-align: center;\">Marie-Louise LEROUDIER, cultivatrice<\/p>\n<p style=\"text-align: center;\"><span style=\"color: #ffffff;\">\u25d9<\/span><\/p>\n<p><em>Fran\u00e7ois, <\/em><span style=\"color: #008000;\"><strong>entrepreneur<\/strong><\/span><em>, \u00e9pouse Georgette No\u00e9mie <\/em><strong>PETITGALANT<\/strong><em> le 17 mars <\/em><strong>1936<\/strong><em> \u00e0 Roy\u00e8re (contrat Decouvelaere). <\/em><\/p>\n<p><em>Il d\u00e9c\u00e8de \u00e0 <\/em><span style=\"color: #0000ff;\"><strong>Bron (69)<\/strong><\/span><em> le 2 octobre <\/em><strong>1981<\/strong><em>, \u00e2g\u00e9 de 78 ans.<\/em><\/p>\n","protected":false},"excerpt":{"rendered":"<p>Mis \u00e0 jour le : 28\/04\/2026Fran\u00e7ois Gilbert LECLERC Fran\u00e7ois LECLERC 1902 \u2013 1981 entrepreneur n\u00e9 aux Bordes (Roy\u00e8re) le 3 octobre 1902 fils de Philippe Gilbert LECLERC, entrepreneur de ma\u00e7onnerie Marie-Louise LEROUDIER, cultivatrice \u25d9 Fran\u00e7ois, entrepreneur, \u00e9pouse Georgette No\u00e9mie PETITGALANT le 17 mars 1936 \u00e0 Roy\u00e8re (contrat Decouvelaere). Il d\u00e9c\u00e8de \u00e0 Bron (69) le 2 ..<\/p>\n<div class=\"clear-fix\"><\/div>\n<p><a href=\"https:\/\/www.lesmaconsdelacreuse.fr\/annuaires\/lettre-l\/l_853\/\" title=\"Lire la suite...\">Lire la suite<\/a><\/p>\n","protected":false},"author":6,"featured_media":0,"comment_status":"closed","ping_status":"closed","sticky":false,"template":"","format":"standard","meta":{"_acf_changed":false,"_exactmetrics_skip_tracking":false,"_exactmetrics_sitenote_active":false,"_exactmetrics_sitenote_note":"","_exactmetrics_sitenote_category":0,"footnotes":""},"categories":[19],"tags":[],"class_list":["post-6706","post","type-post","status-publish","format-standard","hentry","category-lettre-l"],"acf":[],"_links":{"self":[{"href":"https:\/\/www.lesmaconsdelacreuse.fr\/annuaires\/wp-json\/wp\/v2\/posts\/6706","targetHints":{"allow":["GET"]}}],"collection":[{"href":"https:\/\/www.lesmaconsdelacreuse.fr\/annuaires\/wp-json\/wp\/v2\/posts"}],"about":[{"href":"https:\/\/www.lesmaconsdelacreuse.fr\/annuaires\/wp-json\/wp\/v2\/types\/post"}],"author":[{"embeddable":true,"href":"https:\/\/www.lesmaconsdelacreuse.fr\/annuaires\/wp-json\/wp\/v2\/users\/6"}],"replies":[{"embeddable":true,"href":"https:\/\/www.lesmaconsdelacreuse.fr\/annuaires\/wp-json\/wp\/v2\/comments?post=6706"}],"version-history":[{"count":0,"href":"https:\/\/www.lesmaconsdelacreuse.fr\/annuaires\/wp-json\/wp\/v2\/posts\/6706\/revisions"}],"wp:attachment":[{"href":"https:\/\/www.lesmaconsdelacreuse.fr\/annuaires\/wp-json\/wp\/v2\/media?parent=6706"}],"wp:term":[{"taxonomy":"category","embeddable":true,"href":"https:\/\/www.lesmaconsdelacreuse.fr\/annuaires\/wp-json\/wp\/v2\/categories?post=6706"},{"taxonomy":"post_tag","embeddable":true,"href":"https:\/\/www.lesmaconsdelacreuse.fr\/annuaires\/wp-json\/wp\/v2\/tags?post=6706"}],"curies":[{"name":"wp","href":"https:\/\/api.w.org\/{rel}","templated":true}]}}