{"id":6719,"date":"2019-07-28T13:40:30","date_gmt":"2019-07-28T11:40:30","guid":{"rendered":"http:\/\/lesmaconsdelacreuse.fr\/annuaire\/?p=6719"},"modified":"2020-01-20T11:27:39","modified_gmt":"2020-01-20T10:27:39","slug":"l_822","status":"publish","type":"post","link":"https:\/\/www.lesmaconsdelacreuse.fr\/annuaires\/lettre-l\/l_822\/","title":{"rendered":"LEBRAUD Louis (1811-1856)"},"content":{"rendered":"<p class=\"last-updated\"><strong>Mis \u00e0 jour le :<\/strong> 28\/04\/2026<\/p><h2 style=\"text-align: center;\"><strong>Louis LEBRAUD<\/strong><\/h2>\n<p style=\"text-align: center;\"><strong>1811 &#8211; 1856<\/strong><\/p>\n<p style=\"text-align: center;\"><img decoding=\"async\" title=\"\" src=\"https:\/\/lesmaconsdelacreuse.fr\/annuaire\/wp-content\/uploads\/2019\/07\/image1-1685.jpg\" alt=\"\" data-source-id=\"i.0\" data-asset-id=\"6718\" \/><\/p>\n<h4 style=\"text-align: center;\"><span style=\"color: #008000;\"><strong>ma\u00e7on <\/strong>et<strong> cultivateur<\/strong><\/span><\/h4>\n<p style=\"text-align: center;\">n\u00e9 \u00e0 Orladeix (Roy\u00e8re)<\/p>\n<p style=\"text-align: center;\">le 10 novembre 1811<\/p>\n<p style=\"text-align: center;\">fils de<\/p>\n<p style=\"text-align: center;\">Martial LEBRAUD, <span style=\"color: #008000;\"><strong>ma\u00e7on<\/strong><\/span><\/p>\n<p style=\"text-align: center;\">Marie LENOIR, cultivatrice<\/p>\n<p style=\"text-align: center;\"><span style=\"color: #ffffff;\">\u25d9<\/span><\/p>\n<p><em>Louis \u00e9pouse Fran\u00e7oise Marie <\/em><strong>CHAROT<\/strong><em> le 6 mars <\/em><strong>1832<\/strong><em> \u00e0 Roy\u00e8re. Ils habitent d\u2019abord Jeansanas. <\/em><\/p>\n<p><em>Ils d\u00e9c\u00e8dent dans la commune de Roy\u00e8re:<\/em><\/p>\n<ul>\n<li><em>Louis, \u00e0 Prugnolas, le 16 octobre <\/em><strong>1856<\/strong><em>, \u00e2g\u00e9 de 44 ans<\/em><\/li>\n<li><em>Fran\u00e7oise, \u00e0 Haute-Faye, le 14 d\u00e9cembre <\/em><strong>1881<\/strong><em>, \u00e2g\u00e9e de 71 ans<\/em><\/li>\n<\/ul>\n","protected":false},"excerpt":{"rendered":"<p>Mis \u00e0 jour le : 28\/04\/2026Louis LEBRAUD 1811 &#8211; 1856 ma\u00e7on et cultivateur n\u00e9 \u00e0 Orladeix (Roy\u00e8re) le 10 novembre 1811 fils de Martial LEBRAUD, ma\u00e7on Marie LENOIR, cultivatrice \u25d9 Louis \u00e9pouse Fran\u00e7oise Marie CHAROT le 6 mars 1832 \u00e0 Roy\u00e8re. Ils habitent d\u2019abord Jeansanas. Ils d\u00e9c\u00e8dent dans la commune de Roy\u00e8re: Louis, \u00e0 Prugnolas, ..<\/p>\n<div class=\"clear-fix\"><\/div>\n<p><a href=\"https:\/\/www.lesmaconsdelacreuse.fr\/annuaires\/lettre-l\/l_822\/\" title=\"Lire la suite...\">Lire la suite<\/a><\/p>\n","protected":false},"author":6,"featured_media":0,"comment_status":"closed","ping_status":"closed","sticky":false,"template":"","format":"standard","meta":{"_acf_changed":false,"_exactmetrics_skip_tracking":false,"_exactmetrics_sitenote_active":false,"_exactmetrics_sitenote_note":"","_exactmetrics_sitenote_category":0,"footnotes":""},"categories":[19],"tags":[],"class_list":["post-6719","post","type-post","status-publish","format-standard","hentry","category-lettre-l"],"acf":[],"_links":{"self":[{"href":"https:\/\/www.lesmaconsdelacreuse.fr\/annuaires\/wp-json\/wp\/v2\/posts\/6719","targetHints":{"allow":["GET"]}}],"collection":[{"href":"https:\/\/www.lesmaconsdelacreuse.fr\/annuaires\/wp-json\/wp\/v2\/posts"}],"about":[{"href":"https:\/\/www.lesmaconsdelacreuse.fr\/annuaires\/wp-json\/wp\/v2\/types\/post"}],"author":[{"embeddable":true,"href":"https:\/\/www.lesmaconsdelacreuse.fr\/annuaires\/wp-json\/wp\/v2\/users\/6"}],"replies":[{"embeddable":true,"href":"https:\/\/www.lesmaconsdelacreuse.fr\/annuaires\/wp-json\/wp\/v2\/comments?post=6719"}],"version-history":[{"count":0,"href":"https:\/\/www.lesmaconsdelacreuse.fr\/annuaires\/wp-json\/wp\/v2\/posts\/6719\/revisions"}],"wp:attachment":[{"href":"https:\/\/www.lesmaconsdelacreuse.fr\/annuaires\/wp-json\/wp\/v2\/media?parent=6719"}],"wp:term":[{"taxonomy":"category","embeddable":true,"href":"https:\/\/www.lesmaconsdelacreuse.fr\/annuaires\/wp-json\/wp\/v2\/categories?post=6719"},{"taxonomy":"post_tag","embeddable":true,"href":"https:\/\/www.lesmaconsdelacreuse.fr\/annuaires\/wp-json\/wp\/v2\/tags?post=6719"}],"curies":[{"name":"wp","href":"https:\/\/api.w.org\/{rel}","templated":true}]}}