{"id":6729,"date":"2019-07-28T13:40:29","date_gmt":"2019-07-28T11:40:29","guid":{"rendered":"http:\/\/lesmaconsdelacreuse.fr\/annuaire\/?p=6729"},"modified":"2022-05-19T09:52:15","modified_gmt":"2022-05-19T07:52:15","slug":"l_807","status":"publish","type":"post","link":"https:\/\/www.lesmaconsdelacreuse.fr\/annuaires\/lettre-l\/l_807\/","title":{"rendered":"LEBRAUD Joseph (1847-apr\u00e8s 1904)"},"content":{"rendered":"<p class=\"last-updated\"><strong>Mis \u00e0 jour le :<\/strong> 28\/04\/2026<\/p><h2 style=\"text-align: center;\"><strong>Joseph LEBRAUD<\/strong><\/h2>\n<p style=\"text-align: center;\"><strong>1847 \u2013 apr\u00e8s 1904<\/strong><\/p>\n<h4 style=\"text-align: center;\"><span style=\"color: #008000;\"><strong>ma\u00e7on<\/strong><\/span><\/h4>\n<p style=\"text-align: center;\">n\u00e9 au Villard (Roy\u00e8re)<\/p>\n<p style=\"text-align: center;\">le 21 septembre 1847<\/p>\n<p style=\"text-align: center;\">fils de<\/p>\n<p style=\"text-align: center;\">Denis LEBRAUD, <span style=\"color: #008000;\"><strong>ma\u00e7on<\/strong><\/span><\/p>\n<p style=\"text-align: center;\">Marie VIALATOUX, cultivatrice<\/p>\n<p style=\"text-align: center;\"><span style=\"color: #ffffff;\">\u25d9<\/span><\/p>\n<p><strong>En 1869<\/strong>, <em>Joseph est incorpor\u00e9 aux apprentis marins \u00e0 Brest.<\/em><\/p>\n<p><strong>\u00a0En 1873<\/strong>, <em>il est affect\u00e9 au r\u00e9giment d\u2019artillerie de la Marine stationn\u00e9 \u00e0 Rochefort.<\/em><\/p>\n<p><strong>\u00a0En 1876<\/strong><em>, il r\u00e9side \u00e0 <\/em><strong><span style=\"color: #0000ff;\">Bordeaux (33)<\/span>,<\/strong><em> 13, rue Citron.<\/em><\/p>\n<p>\u25ba<a href=\"https:\/\/www.lesmaconsdelacreuse.fr\/annuaires\/\/wp-content\/uploads\/DOCUMENTS\/1904_-_Vente_sur_licitation_de_divers_immeubles_situes_dans_la_commune_de_Royere.pdf\" target=\"_blank\" rel=\"noopener\"><span style=\"color: #000000;\"><strong>En 1904<\/strong><\/span><\/a><em>, il est \u00e0 <\/em><span style=\"color: #ff6600;\"><strong>Albani Castelli (ARGENTINE)<\/strong><\/span><em>, concern\u00e9 par une vente sur licitation de divers immeubles situ\u00e9s dans la commune de Roy\u00e8re.<\/em><\/p>\n","protected":false},"excerpt":{"rendered":"<p>Mis \u00e0 jour le : 28\/04\/2026Joseph LEBRAUD 1847 \u2013 apr\u00e8s 1904 ma\u00e7on n\u00e9 au Villard (Roy\u00e8re) le 21 septembre 1847 fils de Denis LEBRAUD, ma\u00e7on Marie VIALATOUX, cultivatrice \u25d9 En 1869, Joseph est incorpor\u00e9 aux apprentis marins \u00e0 Brest. \u00a0En 1873, il est affect\u00e9 au r\u00e9giment d\u2019artillerie de la Marine stationn\u00e9 \u00e0 Rochefort. \u00a0En 1876, ..<\/p>\n<div class=\"clear-fix\"><\/div>\n<p><a href=\"https:\/\/www.lesmaconsdelacreuse.fr\/annuaires\/lettre-l\/l_807\/\" title=\"Lire la suite...\">Lire la suite<\/a><\/p>\n","protected":false},"author":6,"featured_media":0,"comment_status":"closed","ping_status":"closed","sticky":false,"template":"","format":"standard","meta":{"_acf_changed":false,"_exactmetrics_skip_tracking":false,"_exactmetrics_sitenote_active":false,"_exactmetrics_sitenote_note":"","_exactmetrics_sitenote_category":0,"footnotes":""},"categories":[19],"tags":[],"class_list":["post-6729","post","type-post","status-publish","format-standard","hentry","category-lettre-l"],"acf":[],"_links":{"self":[{"href":"https:\/\/www.lesmaconsdelacreuse.fr\/annuaires\/wp-json\/wp\/v2\/posts\/6729","targetHints":{"allow":["GET"]}}],"collection":[{"href":"https:\/\/www.lesmaconsdelacreuse.fr\/annuaires\/wp-json\/wp\/v2\/posts"}],"about":[{"href":"https:\/\/www.lesmaconsdelacreuse.fr\/annuaires\/wp-json\/wp\/v2\/types\/post"}],"author":[{"embeddable":true,"href":"https:\/\/www.lesmaconsdelacreuse.fr\/annuaires\/wp-json\/wp\/v2\/users\/6"}],"replies":[{"embeddable":true,"href":"https:\/\/www.lesmaconsdelacreuse.fr\/annuaires\/wp-json\/wp\/v2\/comments?post=6729"}],"version-history":[{"count":2,"href":"https:\/\/www.lesmaconsdelacreuse.fr\/annuaires\/wp-json\/wp\/v2\/posts\/6729\/revisions"}],"predecessor-version":[{"id":199293,"href":"https:\/\/www.lesmaconsdelacreuse.fr\/annuaires\/wp-json\/wp\/v2\/posts\/6729\/revisions\/199293"}],"wp:attachment":[{"href":"https:\/\/www.lesmaconsdelacreuse.fr\/annuaires\/wp-json\/wp\/v2\/media?parent=6729"}],"wp:term":[{"taxonomy":"category","embeddable":true,"href":"https:\/\/www.lesmaconsdelacreuse.fr\/annuaires\/wp-json\/wp\/v2\/categories?post=6729"},{"taxonomy":"post_tag","embeddable":true,"href":"https:\/\/www.lesmaconsdelacreuse.fr\/annuaires\/wp-json\/wp\/v2\/tags?post=6729"}],"curies":[{"name":"wp","href":"https:\/\/api.w.org\/{rel}","templated":true}]}}