{"id":6730,"date":"2019-07-28T13:40:29","date_gmt":"2019-07-28T11:40:29","guid":{"rendered":"http:\/\/lesmaconsdelacreuse.fr\/annuaire\/?p=6730"},"modified":"2020-01-20T11:27:40","modified_gmt":"2020-01-20T10:27:40","slug":"l_845","status":"publish","type":"post","link":"https:\/\/www.lesmaconsdelacreuse.fr\/annuaires\/lettre-l\/l_845\/","title":{"rendered":"LECLERC Andr\u00e9 Fran\u00e7ois (1870-1925)"},"content":{"rendered":"<p class=\"last-updated\"><strong>Mis \u00e0 jour le :<\/strong> 28\/04\/2026<\/p><h2 style=\"text-align: center;\"><strong>Andr\u00e9 Fran\u00e7ois LECLERC<\/strong><\/h2>\n<p style=\"text-align: center;\"><strong>Andr\u00e9 LECLERC \u2013 Fran\u00e7ois LECLERC<\/strong><\/p>\n<p style=\"text-align: center;\"><strong>1870 \u2013 1925<\/strong><\/p>\n<p style=\"text-align: center;\"><img decoding=\"async\" title=\"\" src=\"https:\/\/lesmaconsdelacreuse.fr\/annuaire\/wp-content\/uploads\/2019\/07\/image1-1689.jpg\" alt=\"\" data-source-id=\"i.0\" data-asset-id=\"6727\" \/><\/p>\n<h4 style=\"text-align: center;\"><span style=\"color: #008000;\"><strong>entrepreneur de ma\u00e7onnerie<\/strong><\/span><\/h4>\n<p style=\"text-align: center;\">n\u00e9 \u00e0 Andaleix (Roy\u00e8re)<\/p>\n<p style=\"text-align: center;\">le 3 d\u00e9cembre 1870<\/p>\n<p style=\"text-align: center;\">fils de<\/p>\n<p style=\"text-align: center;\">Guillaume LECLERC, <span style=\"color: #008000;\"><strong>ma\u00e7on<\/strong><\/span><\/p>\n<p style=\"text-align: center;\">Marguerite LEBRAUD, tisserande<\/p>\n<p style=\"text-align: center;\">propri\u00e9taires cultivateurs<\/p>\n<p style=\"text-align: center;\"><span style=\"color: #ffffff;\">\u25d9<\/span><\/p>\n<p><strong>En 1895<\/strong><em>, Andr\u00e9, <\/em><span style=\"color: #008000;\"><strong>ma\u00e7on<\/strong><\/span><em>, travaille \u00e0 <\/em><span style=\"color: #0000ff;\"><strong>Lyon (69)<\/strong><\/span><em> et loge 27, rue Moncey. <\/em><\/p>\n<p><strong>En 1896<\/strong><em>, il est \u00e0 <\/em><span style=\"color: #0000ff;\"><strong>Jonage (69)<\/strong><\/span><em>, puis \u00e0 <\/em><span style=\"color: #0000ff;\"><strong>Caluire (69)<\/strong><\/span><em>, 137, rue Saint-Clair\u00a0;<\/em><\/p>\n<p><strong>en 1897<\/strong><em>, \u00e0 Jonage, puis \u00e0 Lyon, 54, rue Mazenod\u00a0;<\/em><\/p>\n<p><strong>en 1898<\/strong><em>, 29, rue Moncey \u00e0 Lyon.<\/em><\/p>\n<p>\u25ba<a target=\"_blank\"href=\"https:\/\/www.lesmaconsdelacreuse.fr\/annuaires\/\/wp-content\/uploads\/DOCUMENTS\/1913_-_Vente_sur_licitation_aux_Bordes.pdf\"><span style=\"color: #000000;\"><strong>En 1913<\/strong><\/span><\/a><em>, <\/em><span style=\"color: #008000;\"><strong>ma\u00eetre-ma\u00e7on<\/strong><\/span><em>, il est concern\u00e9, ainsi que son fr\u00e8re Philippe et sa m\u00e8re, par la vente sur licitation de la propri\u00e9t\u00e9 de famille situ\u00e9e au village des Bordes, commune de Roy\u00e8re. A cette \u00e9poque, il habite 275, rue Duguesclin.<\/em><\/p>\n<p><strong>En 1922<\/strong><em>, il est <\/em><span style=\"color: #008000;\"><strong>entrepreneur<\/strong><\/span><em> \u00e0 <\/em><span style=\"color: #0000ff;\"><strong>Villeurbanne (69)<\/strong><\/span><em>, 21, chemin des Poulettes.<\/em><\/p>\n<p><strong>En 1925<\/strong><em>, il habite 192, rue Vend\u00f4me, Lyon 3e.<\/em><\/p>\n<p><em> Il d\u00e9c\u00e8de <\/em><strong>c\u00e9libataire<\/strong><em> \u00e0 cette adresse le 16 avril de la m\u00eame ann\u00e9e, \u00e2g\u00e9 de 54 ans.<\/em><\/p>\n","protected":false},"excerpt":{"rendered":"<p>Mis \u00e0 jour le : 28\/04\/2026Andr\u00e9 Fran\u00e7ois LECLERC Andr\u00e9 LECLERC \u2013 Fran\u00e7ois LECLERC 1870 \u2013 1925 entrepreneur de ma\u00e7onnerie n\u00e9 \u00e0 Andaleix (Roy\u00e8re) le 3 d\u00e9cembre 1870 fils de Guillaume LECLERC, ma\u00e7on Marguerite LEBRAUD, tisserande propri\u00e9taires cultivateurs \u25d9 En 1895, Andr\u00e9, ma\u00e7on, travaille \u00e0 Lyon (69) et loge 27, rue Moncey. En 1896, il est ..<\/p>\n<div class=\"clear-fix\"><\/div>\n<p><a href=\"https:\/\/www.lesmaconsdelacreuse.fr\/annuaires\/lettre-l\/l_845\/\" title=\"Lire la suite...\">Lire la suite<\/a><\/p>\n","protected":false},"author":6,"featured_media":0,"comment_status":"closed","ping_status":"closed","sticky":false,"template":"","format":"standard","meta":{"_acf_changed":false,"_exactmetrics_skip_tracking":false,"_exactmetrics_sitenote_active":false,"_exactmetrics_sitenote_note":"","_exactmetrics_sitenote_category":0,"footnotes":""},"categories":[19],"tags":[],"class_list":["post-6730","post","type-post","status-publish","format-standard","hentry","category-lettre-l"],"acf":[],"_links":{"self":[{"href":"https:\/\/www.lesmaconsdelacreuse.fr\/annuaires\/wp-json\/wp\/v2\/posts\/6730","targetHints":{"allow":["GET"]}}],"collection":[{"href":"https:\/\/www.lesmaconsdelacreuse.fr\/annuaires\/wp-json\/wp\/v2\/posts"}],"about":[{"href":"https:\/\/www.lesmaconsdelacreuse.fr\/annuaires\/wp-json\/wp\/v2\/types\/post"}],"author":[{"embeddable":true,"href":"https:\/\/www.lesmaconsdelacreuse.fr\/annuaires\/wp-json\/wp\/v2\/users\/6"}],"replies":[{"embeddable":true,"href":"https:\/\/www.lesmaconsdelacreuse.fr\/annuaires\/wp-json\/wp\/v2\/comments?post=6730"}],"version-history":[{"count":0,"href":"https:\/\/www.lesmaconsdelacreuse.fr\/annuaires\/wp-json\/wp\/v2\/posts\/6730\/revisions"}],"wp:attachment":[{"href":"https:\/\/www.lesmaconsdelacreuse.fr\/annuaires\/wp-json\/wp\/v2\/media?parent=6730"}],"wp:term":[{"taxonomy":"category","embeddable":true,"href":"https:\/\/www.lesmaconsdelacreuse.fr\/annuaires\/wp-json\/wp\/v2\/categories?post=6730"},{"taxonomy":"post_tag","embeddable":true,"href":"https:\/\/www.lesmaconsdelacreuse.fr\/annuaires\/wp-json\/wp\/v2\/tags?post=6730"}],"curies":[{"name":"wp","href":"https:\/\/api.w.org\/{rel}","templated":true}]}}