{"id":6739,"date":"2019-07-28T13:40:29","date_gmt":"2019-07-28T11:40:29","guid":{"rendered":"http:\/\/lesmaconsdelacreuse.fr\/annuaire\/?p=6739"},"modified":"2020-10-03T13:44:54","modified_gmt":"2020-10-03T11:44:54","slug":"l_852","status":"publish","type":"post","link":"https:\/\/www.lesmaconsdelacreuse.fr\/annuaires\/lettre-l\/l_852\/","title":{"rendered":"LECLERC Fran\u00e7ois (1859-1885)"},"content":{"rendered":"<p class=\"last-updated\"><strong>Mis \u00e0 jour le :<\/strong> 28\/04\/2026<\/p><h2 style=\"text-align: center;\"><strong>Fran\u00e7ois LECLERC<\/strong><\/h2>\n<p style=\"text-align: center;\"><strong>1859 \u2013 1885<\/strong><\/p>\n<p style=\"text-align: center;\"><img loading=\"lazy\" decoding=\"async\" class=\"\" title=\"\" src=\"https:\/\/lesmaconsdelacreuse.fr\/annuaire\/wp-content\/uploads\/2019\/07\/image1-1692.jpg\" alt=\"\" width=\"322\" height=\"82\" data-source-id=\"i.0\" data-asset-id=\"6736\" \/><\/p>\n<h4 style=\"text-align: center;\"><span style=\"color: #008000;\"><strong>ma\u00e7on<\/strong><\/span><\/h4>\n<p>&nbsp;<\/p>\n<p style=\"text-align: center;\">n\u00e9 \u00e0 Prugnolas (Roy\u00e8re)<\/p>\n<p style=\"text-align: center;\">le 21 septembre 1859<\/p>\n<p style=\"text-align: center;\">fils de<\/p>\n<p style=\"text-align: center;\">Martial LECLERC, <span style=\"color: #008000;\"><strong>ma\u00e7on <\/strong><\/span><strong>\/ <\/strong>Marie LEBRAUD<\/p>\n<p style=\"text-align: center;\">propri\u00e9taires cultivateurs<\/p>\n<p style=\"text-align: center;\"><span style=\"color: #ffffff;\">\u25d9<\/span><\/p>\n<p><em>Fran\u00e7ois \u00e9pouse Henriette Marie <\/em><strong>MEAUME<\/strong><em> le 31 janvier <\/em><strong>1884<\/strong><em> \u00e0 Roy\u00e8re (contrat Toumieux). Le couple habite Soumeix. <\/em><\/p>\n<p><em>La m\u00eame ann\u00e9e, Fran\u00e7ois travaille \u00e0 <\/em><strong><span style=\"color: #0000ff;\">Saint-Rambert-l\u2019Ile-Barbe (69)<\/span><\/strong>\u00a0<em>;<\/em><\/p>\n<p><strong>en 1885<\/strong><em>, \u00e0 <\/em><span style=\"color: #0000ff;\"><strong>Lyon (69)<\/strong><\/span><em> logeant 55, rue de Bonnel. <\/em><\/p>\n<p><em>Il d\u00e9c\u00e8de accidentellement \u00e0 Lyon<\/em> <em>2e le 20 juin de la m\u00eame ann\u00e9e, \u00e2g\u00e9 de 25 ans. Proc\u00e8s-verbal est dress\u00e9 par le commissaire de police du quartier de Perrache. <\/em><\/p>\n<p><em>Sa veuve se remarie en 1876 avec Joseph LAMANT, \u25ba<a href=\"https:\/\/www.lesmaconsdelacreuse.fr\/annuaires\/wp-content\/uploads\/2020\/08\/SCIEUR-DE-LONG.png\" target=\"_blank\" rel=\"noopener noreferrer\">scieur de long<\/a>, et d\u00e9c\u00e8de \u00e0 Soumeix le 3 mars 1893.<\/em><\/p>\n<p>&nbsp;<\/p>\n","protected":false},"excerpt":{"rendered":"<p>Mis \u00e0 jour le : 28\/04\/2026Fran\u00e7ois LECLERC 1859 \u2013 1885 ma\u00e7on &nbsp; n\u00e9 \u00e0 Prugnolas (Roy\u00e8re) le 21 septembre 1859 fils de Martial LECLERC, ma\u00e7on \/ Marie LEBRAUD propri\u00e9taires cultivateurs \u25d9 Fran\u00e7ois \u00e9pouse Henriette Marie MEAUME le 31 janvier 1884 \u00e0 Roy\u00e8re (contrat Toumieux). Le couple habite Soumeix. La m\u00eame ann\u00e9e, Fran\u00e7ois travaille \u00e0 Saint-Rambert-l\u2019Ile-Barbe ..<\/p>\n<div class=\"clear-fix\"><\/div>\n<p><a href=\"https:\/\/www.lesmaconsdelacreuse.fr\/annuaires\/lettre-l\/l_852\/\" title=\"Lire la suite...\">Lire la suite<\/a><\/p>\n","protected":false},"author":6,"featured_media":0,"comment_status":"closed","ping_status":"closed","sticky":false,"template":"","format":"standard","meta":{"_acf_changed":false,"_exactmetrics_skip_tracking":false,"_exactmetrics_sitenote_active":false,"_exactmetrics_sitenote_note":"","_exactmetrics_sitenote_category":0,"footnotes":""},"categories":[19],"tags":[],"class_list":["post-6739","post","type-post","status-publish","format-standard","hentry","category-lettre-l"],"acf":[],"_links":{"self":[{"href":"https:\/\/www.lesmaconsdelacreuse.fr\/annuaires\/wp-json\/wp\/v2\/posts\/6739","targetHints":{"allow":["GET"]}}],"collection":[{"href":"https:\/\/www.lesmaconsdelacreuse.fr\/annuaires\/wp-json\/wp\/v2\/posts"}],"about":[{"href":"https:\/\/www.lesmaconsdelacreuse.fr\/annuaires\/wp-json\/wp\/v2\/types\/post"}],"author":[{"embeddable":true,"href":"https:\/\/www.lesmaconsdelacreuse.fr\/annuaires\/wp-json\/wp\/v2\/users\/6"}],"replies":[{"embeddable":true,"href":"https:\/\/www.lesmaconsdelacreuse.fr\/annuaires\/wp-json\/wp\/v2\/comments?post=6739"}],"version-history":[{"count":0,"href":"https:\/\/www.lesmaconsdelacreuse.fr\/annuaires\/wp-json\/wp\/v2\/posts\/6739\/revisions"}],"wp:attachment":[{"href":"https:\/\/www.lesmaconsdelacreuse.fr\/annuaires\/wp-json\/wp\/v2\/media?parent=6739"}],"wp:term":[{"taxonomy":"category","embeddable":true,"href":"https:\/\/www.lesmaconsdelacreuse.fr\/annuaires\/wp-json\/wp\/v2\/categories?post=6739"},{"taxonomy":"post_tag","embeddable":true,"href":"https:\/\/www.lesmaconsdelacreuse.fr\/annuaires\/wp-json\/wp\/v2\/tags?post=6739"}],"curies":[{"name":"wp","href":"https:\/\/api.w.org\/{rel}","templated":true}]}}