{"id":6742,"date":"2019-07-28T13:40:28","date_gmt":"2019-07-28T11:40:28","guid":{"rendered":"http:\/\/lesmaconsdelacreuse.fr\/annuaire\/?p=6742"},"modified":"2020-01-20T11:27:41","modified_gmt":"2020-01-20T10:27:41","slug":"l_789","status":"publish","type":"post","link":"https:\/\/www.lesmaconsdelacreuse.fr\/annuaires\/lettre-l\/l_789\/","title":{"rendered":"LEBRAUD Jean (1825-apr\u00e8s 1880)"},"content":{"rendered":"<p class=\"last-updated\"><strong>Mis \u00e0 jour le :<\/strong> 28\/04\/2026<\/p><h2 style=\"text-align: center;\"><strong>Jean LEBRAUD<\/strong><\/h2>\n<p style=\"text-align: center;\"><strong>1825 \u2013 apr\u00e8s 1880<\/strong><\/p>\n<p style=\"text-align: center;\"><img loading=\"lazy\" decoding=\"async\" class=\"\" title=\"\" src=\"https:\/\/lesmaconsdelacreuse.fr\/annuaire\/wp-content\/uploads\/2019\/07\/image1-1694.jpg\" alt=\"\" width=\"258\" height=\"123\" data-source-id=\"i.0\" data-asset-id=\"6738\" \/><\/p>\n<h4 style=\"text-align: center;\"><span style=\"color: #008000;\"><strong>entrepreneur en ma\u00e7onnerie<\/strong><\/span><\/h4>\n<p style=\"text-align: center;\">n\u00e9 \u00e0 Prugnolas (Roy\u00e8re)<\/p>\n<p style=\"text-align: center;\">le 20 octobre 1825<\/p>\n<p style=\"text-align: center;\">fils de<\/p>\n<p style=\"text-align: center;\">Jean-Baptiste LEBRAUD \/ Marie LEBRAUD<\/p>\n<p style=\"text-align: center;\">cultivateurs<\/p>\n<p style=\"text-align: center;\"><span style=\"color: #ffffff;\">\u25d9<\/span><\/p>\n<p><em>Jean, <\/em><span style=\"color: #008000;\"><strong>ma\u00e7on<\/strong><\/span><em>, \u00e9pouse Marie <\/em><strong>LENOIR<\/strong><em> le 9 f\u00e9vrier <\/em><strong>1854<\/strong><em> \u00e0 Roy\u00e8re (contrat Toumieux).<\/em><\/p>\n<p><em> Ils habitent d\u2019abord Andaleix. <\/em><\/p>\n<p>\u25ba<a target=\"_blank\"href=\"https:\/\/www.lesmaconsdelacreuse.fr\/annuaires\/\/wp-content\/uploads\/DOCUMENTS\/1863_-_Jean_LEBRAUD_entrepreneur_a_Breville.pdf\"><span style=\"color: #000000;\"><strong>De 1860<\/strong><\/span><\/a><span style=\"color: #000000;\"><strong> \u00e0 1880<\/strong><\/span><em>, ils sont tous deux \u00e0 <\/em><span style=\"color: #0000ff;\"><strong>Br\u00e9ville (16)<\/strong><\/span><em>. Jean y est <\/em><span style=\"color: #008000;\"><strong>entrepreneur<\/strong><\/span><em>.<\/em><\/p>\n","protected":false},"excerpt":{"rendered":"<p>Mis \u00e0 jour le : 28\/04\/2026Jean LEBRAUD 1825 \u2013 apr\u00e8s 1880 entrepreneur en ma\u00e7onnerie n\u00e9 \u00e0 Prugnolas (Roy\u00e8re) le 20 octobre 1825 fils de Jean-Baptiste LEBRAUD \/ Marie LEBRAUD cultivateurs \u25d9 Jean, ma\u00e7on, \u00e9pouse Marie LENOIR le 9 f\u00e9vrier 1854 \u00e0 Roy\u00e8re (contrat Toumieux). Ils habitent d\u2019abord Andaleix. \u25baDe 1860 \u00e0 1880, ils sont tous ..<\/p>\n<div class=\"clear-fix\"><\/div>\n<p><a href=\"https:\/\/www.lesmaconsdelacreuse.fr\/annuaires\/lettre-l\/l_789\/\" title=\"Lire la suite...\">Lire la suite<\/a><\/p>\n","protected":false},"author":6,"featured_media":0,"comment_status":"closed","ping_status":"closed","sticky":false,"template":"","format":"standard","meta":{"_acf_changed":false,"_exactmetrics_skip_tracking":false,"_exactmetrics_sitenote_active":false,"_exactmetrics_sitenote_note":"","_exactmetrics_sitenote_category":0,"footnotes":""},"categories":[19],"tags":[],"class_list":["post-6742","post","type-post","status-publish","format-standard","hentry","category-lettre-l"],"acf":[],"_links":{"self":[{"href":"https:\/\/www.lesmaconsdelacreuse.fr\/annuaires\/wp-json\/wp\/v2\/posts\/6742","targetHints":{"allow":["GET"]}}],"collection":[{"href":"https:\/\/www.lesmaconsdelacreuse.fr\/annuaires\/wp-json\/wp\/v2\/posts"}],"about":[{"href":"https:\/\/www.lesmaconsdelacreuse.fr\/annuaires\/wp-json\/wp\/v2\/types\/post"}],"author":[{"embeddable":true,"href":"https:\/\/www.lesmaconsdelacreuse.fr\/annuaires\/wp-json\/wp\/v2\/users\/6"}],"replies":[{"embeddable":true,"href":"https:\/\/www.lesmaconsdelacreuse.fr\/annuaires\/wp-json\/wp\/v2\/comments?post=6742"}],"version-history":[{"count":0,"href":"https:\/\/www.lesmaconsdelacreuse.fr\/annuaires\/wp-json\/wp\/v2\/posts\/6742\/revisions"}],"wp:attachment":[{"href":"https:\/\/www.lesmaconsdelacreuse.fr\/annuaires\/wp-json\/wp\/v2\/media?parent=6742"}],"wp:term":[{"taxonomy":"category","embeddable":true,"href":"https:\/\/www.lesmaconsdelacreuse.fr\/annuaires\/wp-json\/wp\/v2\/categories?post=6742"},{"taxonomy":"post_tag","embeddable":true,"href":"https:\/\/www.lesmaconsdelacreuse.fr\/annuaires\/wp-json\/wp\/v2\/tags?post=6742"}],"curies":[{"name":"wp","href":"https:\/\/api.w.org\/{rel}","templated":true}]}}