{"id":6746,"date":"2019-07-28T13:40:28","date_gmt":"2019-07-28T11:40:28","guid":{"rendered":"http:\/\/lesmaconsdelacreuse.fr\/annuaire\/?p=6746"},"modified":"2020-01-20T11:27:40","modified_gmt":"2020-01-20T10:27:40","slug":"l_781","status":"publish","type":"post","link":"https:\/\/www.lesmaconsdelacreuse.fr\/annuaires\/lettre-l\/l_781\/","title":{"rendered":"LEBRAUD Henri Eug\u00e8ne (1903-1930)"},"content":{"rendered":"<p class=\"last-updated\"><strong>Mis \u00e0 jour le :<\/strong> 28\/04\/2026<\/p><h2 style=\"text-align: center;\"><strong>Henri Eug\u00e8ne LEBRAUD<\/strong><\/h2>\n<p style=\"text-align: center;\"><strong>1903 &#8211; 1930<\/strong><\/p>\n<h4 style=\"text-align: center;\"><span style=\"color: #008000;\"><strong>ma\u00e7on<\/strong><\/span><\/h4>\n<p style=\"text-align: center;\">n\u00e9 \u00e0 Paris 18e<\/p>\n<p style=\"text-align: center;\">le 8 d\u00e9cembre 1903<\/p>\n<p style=\"text-align: center;\">fils de<\/p>\n<p style=\"text-align: center;\">Gabriel, <span style=\"color: #008000;\"><strong>ma\u00e7on<\/strong><\/span><\/p>\n<p style=\"text-align: center;\">M\u00e9lanie VIGON, cultivatrice<\/p>\n<p style=\"text-align: center;\"><span style=\"color: #ffffff;\">\u25d9<\/span><\/p>\n<p style=\"text-align: left;\"><em>Henri \u00e9pouse Lucienne <\/em><strong>MICHEL<\/strong><em>. <\/em><\/p>\n<p><em>Veuf, il se remarie avec Marie-Baptistine <\/em><strong>L\u00c8BRE<\/strong><em>.<\/em><\/p>\n<p><strong>En 1930<\/strong><em>, il travaille \u00e0 <\/em><span style=\"color: #0000ff;\"><strong>Villejuif (94)<\/strong><\/span><em>, et loge 1, rue Pierre Curie,<\/em><\/p>\n<p><em> il vient d\u00e9c\u00e9der \u00e0 Fontchaud, commune de Roy\u00e8re, le 16 juillet de la m\u00eame ann\u00e9e, \u00e2g\u00e9 de 26 ans.<\/em><\/p>\n","protected":false},"excerpt":{"rendered":"<p>Mis \u00e0 jour le : 28\/04\/2026Henri Eug\u00e8ne LEBRAUD 1903 &#8211; 1930 ma\u00e7on n\u00e9 \u00e0 Paris 18e le 8 d\u00e9cembre 1903 fils de Gabriel, ma\u00e7on M\u00e9lanie VIGON, cultivatrice \u25d9 Henri \u00e9pouse Lucienne MICHEL. Veuf, il se remarie avec Marie-Baptistine L\u00c8BRE. En 1930, il travaille \u00e0 Villejuif (94), et loge 1, rue Pierre Curie, il vient d\u00e9c\u00e9der ..<\/p>\n<div class=\"clear-fix\"><\/div>\n<p><a href=\"https:\/\/www.lesmaconsdelacreuse.fr\/annuaires\/lettre-l\/l_781\/\" title=\"Lire la suite...\">Lire la suite<\/a><\/p>\n","protected":false},"author":6,"featured_media":0,"comment_status":"closed","ping_status":"closed","sticky":false,"template":"","format":"standard","meta":{"_acf_changed":false,"_exactmetrics_skip_tracking":false,"_exactmetrics_sitenote_active":false,"_exactmetrics_sitenote_note":"","_exactmetrics_sitenote_category":0,"footnotes":""},"categories":[19],"tags":[],"class_list":["post-6746","post","type-post","status-publish","format-standard","hentry","category-lettre-l"],"acf":[],"_links":{"self":[{"href":"https:\/\/www.lesmaconsdelacreuse.fr\/annuaires\/wp-json\/wp\/v2\/posts\/6746","targetHints":{"allow":["GET"]}}],"collection":[{"href":"https:\/\/www.lesmaconsdelacreuse.fr\/annuaires\/wp-json\/wp\/v2\/posts"}],"about":[{"href":"https:\/\/www.lesmaconsdelacreuse.fr\/annuaires\/wp-json\/wp\/v2\/types\/post"}],"author":[{"embeddable":true,"href":"https:\/\/www.lesmaconsdelacreuse.fr\/annuaires\/wp-json\/wp\/v2\/users\/6"}],"replies":[{"embeddable":true,"href":"https:\/\/www.lesmaconsdelacreuse.fr\/annuaires\/wp-json\/wp\/v2\/comments?post=6746"}],"version-history":[{"count":0,"href":"https:\/\/www.lesmaconsdelacreuse.fr\/annuaires\/wp-json\/wp\/v2\/posts\/6746\/revisions"}],"wp:attachment":[{"href":"https:\/\/www.lesmaconsdelacreuse.fr\/annuaires\/wp-json\/wp\/v2\/media?parent=6746"}],"wp:term":[{"taxonomy":"category","embeddable":true,"href":"https:\/\/www.lesmaconsdelacreuse.fr\/annuaires\/wp-json\/wp\/v2\/categories?post=6746"},{"taxonomy":"post_tag","embeddable":true,"href":"https:\/\/www.lesmaconsdelacreuse.fr\/annuaires\/wp-json\/wp\/v2\/tags?post=6746"}],"curies":[{"name":"wp","href":"https:\/\/api.w.org\/{rel}","templated":true}]}}