{"id":6753,"date":"2019-07-28T13:40:28","date_gmt":"2019-07-28T11:40:28","guid":{"rendered":"http:\/\/lesmaconsdelacreuse.fr\/annuaire\/?p=6753"},"modified":"2022-12-11T15:12:35","modified_gmt":"2022-12-11T14:12:35","slug":"l_831","status":"publish","type":"post","link":"https:\/\/www.lesmaconsdelacreuse.fr\/annuaires\/lettre-l\/l_831\/","title":{"rendered":"LEBRAUD Michel (vers 1624-1679)"},"content":{"rendered":"<p class=\"last-updated\"><strong>Mis \u00e0 jour le :<\/strong> 28\/04\/2026<\/p><h2 style=\"text-align: center;\"><strong>Michel LEBRAUD<\/strong><\/h2>\n<p style=\"text-align: center;\"><strong>Michel LEROUDIER<\/strong><\/p>\n<p style=\"text-align: center;\"><strong>vers 1624 \u2013 1679<\/strong><\/p>\n<p style=\"text-align: center;\"><img decoding=\"async\" title=\"\" src=\"https:\/\/lesmaconsdelacreuse.fr\/annuaire\/wp-content\/uploads\/2019\/07\/image1-1699.jpg\" alt=\"\" data-source-id=\"i.0\" data-asset-id=\"6751\" \/><\/p>\n<h4 style=\"text-align: center;\"><span style=\"color: #008000;\"><strong><a href=\"https:\/\/www.lesmaconsdelacreuse.fr\/annuaires\/wp-content\/uploads\/2019\/07\/1740-Prix-fait-\u00e0-Gabriel-QUEYRAT-1.jpg\">\u25ba<\/a><a href=\"https:\/\/www.lesmaconsdelacreuse.fr\/annuaires\/wp-content\/uploads\/2020\/08\/CHARPENTIER.png\" target=\"_blank\" rel=\"noopener noreferrer\"><span style=\"color: #008000;\">charpentier<\/span><\/a> <\/strong>et<strong> laboureur<\/strong><\/span><\/h4>\n<p style=\"text-align: center;\">d\u2019Orladeix (Roy\u00e8re)<\/p>\n<p style=\"text-align: center;\"><span style=\"color: #ffffff;\">\u25d9<\/span><\/p>\n<p><strong>Avant 1666<\/strong><em>, Michel \u00e9pouse Jacquette <\/em><strong>LOUPINAUD<\/strong> <em>.<\/em><\/p>\n<p><em> Ils habitent Orladeix.<\/em><\/p>\n<p><em>Michel y d\u00e9c\u00e8de le 8 juin <\/em><strong>1679<\/strong><em>, \u00e2g\u00e9 de 55 ans environ.<\/em><\/p>\n<p>S17<\/p>\n<p>&nbsp;<\/p>\n","protected":false},"excerpt":{"rendered":"<p>Mis \u00e0 jour le : 28\/04\/2026Michel LEBRAUD Michel LEROUDIER vers 1624 \u2013 1679 \u25bacharpentier et laboureur d\u2019Orladeix (Roy\u00e8re) \u25d9 Avant 1666, Michel \u00e9pouse Jacquette LOUPINAUD . Ils habitent Orladeix. Michel y d\u00e9c\u00e8de le 8 juin 1679, \u00e2g\u00e9 de 55 ans environ. ..<\/p>\n<div class=\"clear-fix\"><\/div>\n<p><a href=\"https:\/\/www.lesmaconsdelacreuse.fr\/annuaires\/lettre-l\/l_831\/\" title=\"Lire la suite...\">Lire la suite<\/a><\/p>\n","protected":false},"author":6,"featured_media":0,"comment_status":"closed","ping_status":"closed","sticky":false,"template":"","format":"standard","meta":{"_acf_changed":false,"_exactmetrics_skip_tracking":false,"_exactmetrics_sitenote_active":false,"_exactmetrics_sitenote_note":"","_exactmetrics_sitenote_category":0,"footnotes":""},"categories":[19],"tags":[],"class_list":["post-6753","post","type-post","status-publish","format-standard","hentry","category-lettre-l"],"acf":[],"_links":{"self":[{"href":"https:\/\/www.lesmaconsdelacreuse.fr\/annuaires\/wp-json\/wp\/v2\/posts\/6753","targetHints":{"allow":["GET"]}}],"collection":[{"href":"https:\/\/www.lesmaconsdelacreuse.fr\/annuaires\/wp-json\/wp\/v2\/posts"}],"about":[{"href":"https:\/\/www.lesmaconsdelacreuse.fr\/annuaires\/wp-json\/wp\/v2\/types\/post"}],"author":[{"embeddable":true,"href":"https:\/\/www.lesmaconsdelacreuse.fr\/annuaires\/wp-json\/wp\/v2\/users\/6"}],"replies":[{"embeddable":true,"href":"https:\/\/www.lesmaconsdelacreuse.fr\/annuaires\/wp-json\/wp\/v2\/comments?post=6753"}],"version-history":[{"count":1,"href":"https:\/\/www.lesmaconsdelacreuse.fr\/annuaires\/wp-json\/wp\/v2\/posts\/6753\/revisions"}],"predecessor-version":[{"id":202941,"href":"https:\/\/www.lesmaconsdelacreuse.fr\/annuaires\/wp-json\/wp\/v2\/posts\/6753\/revisions\/202941"}],"wp:attachment":[{"href":"https:\/\/www.lesmaconsdelacreuse.fr\/annuaires\/wp-json\/wp\/v2\/media?parent=6753"}],"wp:term":[{"taxonomy":"category","embeddable":true,"href":"https:\/\/www.lesmaconsdelacreuse.fr\/annuaires\/wp-json\/wp\/v2\/categories?post=6753"},{"taxonomy":"post_tag","embeddable":true,"href":"https:\/\/www.lesmaconsdelacreuse.fr\/annuaires\/wp-json\/wp\/v2\/tags?post=6753"}],"curies":[{"name":"wp","href":"https:\/\/api.w.org\/{rel}","templated":true}]}}