{"id":6755,"date":"2019-07-28T13:40:28","date_gmt":"2019-07-28T11:40:28","guid":{"rendered":"http:\/\/lesmaconsdelacreuse.fr\/annuaire\/?p=6755"},"modified":"2020-01-20T11:27:40","modified_gmt":"2020-01-20T10:27:40","slug":"l_860","status":"publish","type":"post","link":"https:\/\/www.lesmaconsdelacreuse.fr\/annuaires\/lettre-l\/l_860\/","title":{"rendered":"LECLERC Jean (1789-1857)"},"content":{"rendered":"<p class=\"last-updated\"><strong>Mis \u00e0 jour le :<\/strong> 28\/04\/2026<\/p><h2 style=\"text-align: center;\"><strong>Jean LECLERC<\/strong><\/h2>\n<p style=\"text-align: center;\"><strong>1789 \u2013 1857<\/strong><\/p>\n<p style=\"text-align: center;\"><img decoding=\"async\" title=\"\" src=\"https:\/\/lesmaconsdelacreuse.fr\/annuaire\/wp-content\/uploads\/2019\/07\/image1-1700.jpg\" alt=\"\" data-source-id=\"i.0\" data-asset-id=\"6752\" \/><\/p>\n<h4 style=\"text-align: center;\"><span style=\"color: #008000;\"><strong>ma\u00e7on <\/strong>et <strong>propri\u00e9taire cultivateur<\/strong><\/span><\/h4>\n<p style=\"text-align: center;\">n\u00e9 \u00e0 Lascaux (Roy\u00e8re)<\/p>\n<p style=\"text-align: center;\">le 22 novembre 1789<\/p>\n<p style=\"text-align: center;\">fils de<\/p>\n<p style=\"text-align: center;\">Michel\u00a0LECLERC,<span style=\"color: #008000;\"><strong> ma\u00e7on<\/strong><\/span><\/p>\n<p style=\"text-align: center;\">Jeanne MINOU, cultivatrice<\/p>\n<p style=\"text-align: center;\"><span style=\"color: #ffffff;\">\u25d9<\/span><\/p>\n<p><em>Conscrit de <\/em><strong>1809<\/strong>,<em> Jean est r\u00e9form\u00e9 pour d\u00e9faut de taille (1m48).<\/em><\/p>\n<p><em>Il \u00e9pouse Marguerite <\/em><strong>BIOLETTE <\/strong><em>le 13 f\u00e9vrier de la m\u00eame ann\u00e9e \u00e0 Roy\u00e8re. Ils habitent Lascaux.<\/em><\/p>\n<p><em>Jean teste le 29 octobre <\/em><strong>1831<\/strong> <em>devant Me LEPETIT du Monteil-au-Vicomte.<\/em><\/p>\n<p><em>Il semble que ce soit lui qui b\u00e2tisse \u25ba <\/em><span style=\"color: #000000;\"><strong><a target=\"_blank\"style=\"color: #000000;\" href=\"https:\/\/www.lesmaconsdelacreuse.fr\/annuaires\/\/wp-content\/uploads\/DOCUMENTS\/1835_-_Jean_LECLERC_construit_lecole_de_Royere.pdf\">en 1835<\/a><\/strong><\/span><em> l\u2019\u00e9cole de Roy\u00e8re.<\/em><\/p>\n<p><em>Les \u00e9poux d\u00e9c\u00e8dent \u00e0 Lascaux\u00a0:<\/em><\/p>\n<ul>\n<li><em>Jean, le 11 janvier <\/em><strong>1857<\/strong><em>, \u00e2g\u00e9 de 67 ans<\/em><\/li>\n<li><em>Marguerite, le 2 janvier <\/em><strong>1863<\/strong><em>, \u00e2g\u00e9e de 73 ans<\/em><\/li>\n<\/ul>\n","protected":false},"excerpt":{"rendered":"<p>Mis \u00e0 jour le : 28\/04\/2026Jean LECLERC 1789 \u2013 1857 ma\u00e7on et propri\u00e9taire cultivateur n\u00e9 \u00e0 Lascaux (Roy\u00e8re) le 22 novembre 1789 fils de Michel\u00a0LECLERC, ma\u00e7on Jeanne MINOU, cultivatrice \u25d9 Conscrit de 1809, Jean est r\u00e9form\u00e9 pour d\u00e9faut de taille (1m48). Il \u00e9pouse Marguerite BIOLETTE le 13 f\u00e9vrier de la m\u00eame ann\u00e9e \u00e0 Roy\u00e8re. Ils ..<\/p>\n<div class=\"clear-fix\"><\/div>\n<p><a href=\"https:\/\/www.lesmaconsdelacreuse.fr\/annuaires\/lettre-l\/l_860\/\" title=\"Lire la suite...\">Lire la suite<\/a><\/p>\n","protected":false},"author":6,"featured_media":0,"comment_status":"closed","ping_status":"closed","sticky":false,"template":"","format":"standard","meta":{"_acf_changed":false,"_exactmetrics_skip_tracking":false,"_exactmetrics_sitenote_active":false,"_exactmetrics_sitenote_note":"","_exactmetrics_sitenote_category":0,"footnotes":""},"categories":[19],"tags":[],"class_list":["post-6755","post","type-post","status-publish","format-standard","hentry","category-lettre-l"],"acf":[],"_links":{"self":[{"href":"https:\/\/www.lesmaconsdelacreuse.fr\/annuaires\/wp-json\/wp\/v2\/posts\/6755","targetHints":{"allow":["GET"]}}],"collection":[{"href":"https:\/\/www.lesmaconsdelacreuse.fr\/annuaires\/wp-json\/wp\/v2\/posts"}],"about":[{"href":"https:\/\/www.lesmaconsdelacreuse.fr\/annuaires\/wp-json\/wp\/v2\/types\/post"}],"author":[{"embeddable":true,"href":"https:\/\/www.lesmaconsdelacreuse.fr\/annuaires\/wp-json\/wp\/v2\/users\/6"}],"replies":[{"embeddable":true,"href":"https:\/\/www.lesmaconsdelacreuse.fr\/annuaires\/wp-json\/wp\/v2\/comments?post=6755"}],"version-history":[{"count":0,"href":"https:\/\/www.lesmaconsdelacreuse.fr\/annuaires\/wp-json\/wp\/v2\/posts\/6755\/revisions"}],"wp:attachment":[{"href":"https:\/\/www.lesmaconsdelacreuse.fr\/annuaires\/wp-json\/wp\/v2\/media?parent=6755"}],"wp:term":[{"taxonomy":"category","embeddable":true,"href":"https:\/\/www.lesmaconsdelacreuse.fr\/annuaires\/wp-json\/wp\/v2\/categories?post=6755"},{"taxonomy":"post_tag","embeddable":true,"href":"https:\/\/www.lesmaconsdelacreuse.fr\/annuaires\/wp-json\/wp\/v2\/tags?post=6755"}],"curies":[{"name":"wp","href":"https:\/\/api.w.org\/{rel}","templated":true}]}}