{"id":6770,"date":"2019-07-28T13:40:25","date_gmt":"2019-07-28T11:40:25","guid":{"rendered":"http:\/\/lesmaconsdelacreuse.fr\/annuaire\/?p=6770"},"modified":"2020-10-04T11:05:47","modified_gmt":"2020-10-04T09:05:47","slug":"l_804","status":"publish","type":"post","link":"https:\/\/www.lesmaconsdelacreuse.fr\/annuaires\/lettre-l\/l_804\/","title":{"rendered":"LEBRAUD Jean-Baptiste (1867-1929)"},"content":{"rendered":"<p class=\"last-updated\"><strong>Mis \u00e0 jour le :<\/strong> 28\/04\/2026<\/p><h2 style=\"text-align: center;\"><strong>Jean-Baptiste LEBRAUD<\/strong><\/h2>\n<p style=\"text-align: center;\"><strong>Jean LEBRAUD<\/strong><\/p>\n<p style=\"text-align: center;\"><strong>1867 \u2013 1929<\/strong><\/p>\n<p style=\"text-align: center;\"><a href=\"https:\/\/www.lesmaconsdelacreuse.fr\/annuaires\/wp-content\/uploads\/2019\/07\/lebraud-jb.jpg\"><img loading=\"lazy\" decoding=\"async\" class=\"alignnone size-medium wp-image-178242\" src=\"https:\/\/www.lesmaconsdelacreuse.fr\/annuaires\/wp-content\/uploads\/2019\/07\/lebraud-jb-300x35.jpg\" alt=\"\" width=\"300\" height=\"35\" srcset=\"https:\/\/www.lesmaconsdelacreuse.fr\/annuaires\/wp-content\/uploads\/2019\/07\/lebraud-jb-300x35.jpg 300w, https:\/\/www.lesmaconsdelacreuse.fr\/annuaires\/wp-content\/uploads\/2019\/07\/lebraud-jb-768x91.jpg 768w, https:\/\/www.lesmaconsdelacreuse.fr\/annuaires\/wp-content\/uploads\/2019\/07\/lebraud-jb-150x18.jpg 150w, https:\/\/www.lesmaconsdelacreuse.fr\/annuaires\/wp-content\/uploads\/2019\/07\/lebraud-jb.jpg 933w\" sizes=\"auto, (max-width: 300px) 100vw, 300px\" \/><\/a><\/p>\n<p>&nbsp;<\/p>\n<h4 style=\"text-align: center;\"><span style=\"color: #008000;\"><strong>ma\u00e7on<\/strong> et\u00a0<em>\u25ba<\/em><strong><a href=\"https:\/\/www.lesmaconsdelacreuse.fr\/annuaires\/wp-content\/uploads\/2020\/07\/FUMISTE.png\" target=\"_blank\" rel=\"noopener noreferrer\"><span style=\"color: #008000;\">fumiste<\/span><\/a><\/strong><\/span><\/h4>\n<p>&nbsp;<\/p>\n<p style=\"text-align: center;\">n\u00e9 \u00e0 Lyon<\/p>\n<p style=\"text-align: center;\">le 27 ao\u00fbt 1867<\/p>\n<p style=\"text-align: center;\">fils de<\/p>\n<p style=\"text-align: center;\">Jean LEBRAUD, <span style=\"color: #008000;\"><strong>ma\u00e7on<\/strong><\/span><\/p>\n<p style=\"text-align: center;\">Jeanne BONNET, ouvri\u00e8re ganti\u00e8re<\/p>\n<p style=\"text-align: center;\"><span style=\"color: #ffffff;\">\u25d9<\/span><\/p>\n<p><strong>En 1888<\/strong>, <em>Jean, <\/em><span style=\"color: #008000;\"><strong>ma\u00e7on<\/strong><\/span><em>, est domicili\u00e9 \u00e0 Roy\u00e8re avec sa m\u00e8re. Il est dispens\u00e9 de service militaire comme fils a\u00een\u00e9 de veuve.<\/em><\/p>\n<p><em>il travaille \u00e0 <\/em><span style=\"color: #0000ff;\"><strong>Lyon (69)<\/strong><\/span><em> et loge 16, rue Villeroi\u00a0;<\/em><\/p>\n<p><strong>en 1893<\/strong><em>, \u00e0 <\/em><span style=\"color: #0000ff;\"><strong>Saint-Etienne (42)<\/strong><\/span><em>. <\/em><\/p>\n<p><span style=\"color: #008000;\"><strong>Fumiste<\/strong><\/span><em>, il \u00e9pouse Marie <\/em><strong>HERVY<\/strong><em>, couturi\u00e8re, veuve de Jacques MIAN, ma\u00e7on, le 31 janvier <\/em><strong>1895<\/strong><em> \u00e0 Roy\u00e8re\u00a0 (contrat Toumieux). Ils habitent Le Villard, m\u00eame commune. <\/em><\/p>\n<p><strong>En 1902<\/strong><em>, Jean est au <\/em><span style=\"color: #0000ff;\"><strong>Chambon-Feugerolles (42)<\/strong><\/span><em>, rue Gambetta, puis \u00e0 <\/em><span style=\"color: #0000ff;\"><strong>Chabeuil (26)<\/strong><\/span><em>, \u00e0 l\u2019H\u00f4tel-Dieu.<\/em><\/p>\n<p><em> Il d\u00e9c\u00e8de au Villard le 16 novembre <\/em><strong>1929<\/strong><em>, \u00e2g\u00e9 de 62 ans. <\/em><\/p>\n<p><em>Sa veuve se remarie avec Fran\u00e7ois BENETIER, ma\u00e7on, et d\u00e9c\u00e8de au Villard le 19 janvier 1949, \u00e2g\u00e9e de 75 ans. <\/em><\/p>\n<p>&nbsp;<\/p>\n","protected":false},"excerpt":{"rendered":"<p>Mis \u00e0 jour le : 28\/04\/2026Jean-Baptiste LEBRAUD Jean LEBRAUD 1867 \u2013 1929 &nbsp; ma\u00e7on et\u00a0\u25bafumiste &nbsp; n\u00e9 \u00e0 Lyon le 27 ao\u00fbt 1867 fils de Jean LEBRAUD, ma\u00e7on Jeanne BONNET, ouvri\u00e8re ganti\u00e8re \u25d9 En 1888, Jean, ma\u00e7on, est domicili\u00e9 \u00e0 Roy\u00e8re avec sa m\u00e8re. Il est dispens\u00e9 de service militaire comme fils a\u00een\u00e9 de veuve. ..<\/p>\n<div class=\"clear-fix\"><\/div>\n<p><a href=\"https:\/\/www.lesmaconsdelacreuse.fr\/annuaires\/lettre-l\/l_804\/\" title=\"Lire la suite...\">Lire la suite<\/a><\/p>\n","protected":false},"author":6,"featured_media":0,"comment_status":"closed","ping_status":"closed","sticky":false,"template":"","format":"standard","meta":{"_acf_changed":false,"_exactmetrics_skip_tracking":false,"_exactmetrics_sitenote_active":false,"_exactmetrics_sitenote_note":"","_exactmetrics_sitenote_category":0,"footnotes":""},"categories":[19],"tags":[],"class_list":["post-6770","post","type-post","status-publish","format-standard","hentry","category-lettre-l"],"acf":[],"_links":{"self":[{"href":"https:\/\/www.lesmaconsdelacreuse.fr\/annuaires\/wp-json\/wp\/v2\/posts\/6770","targetHints":{"allow":["GET"]}}],"collection":[{"href":"https:\/\/www.lesmaconsdelacreuse.fr\/annuaires\/wp-json\/wp\/v2\/posts"}],"about":[{"href":"https:\/\/www.lesmaconsdelacreuse.fr\/annuaires\/wp-json\/wp\/v2\/types\/post"}],"author":[{"embeddable":true,"href":"https:\/\/www.lesmaconsdelacreuse.fr\/annuaires\/wp-json\/wp\/v2\/users\/6"}],"replies":[{"embeddable":true,"href":"https:\/\/www.lesmaconsdelacreuse.fr\/annuaires\/wp-json\/wp\/v2\/comments?post=6770"}],"version-history":[{"count":0,"href":"https:\/\/www.lesmaconsdelacreuse.fr\/annuaires\/wp-json\/wp\/v2\/posts\/6770\/revisions"}],"wp:attachment":[{"href":"https:\/\/www.lesmaconsdelacreuse.fr\/annuaires\/wp-json\/wp\/v2\/media?parent=6770"}],"wp:term":[{"taxonomy":"category","embeddable":true,"href":"https:\/\/www.lesmaconsdelacreuse.fr\/annuaires\/wp-json\/wp\/v2\/categories?post=6770"},{"taxonomy":"post_tag","embeddable":true,"href":"https:\/\/www.lesmaconsdelacreuse.fr\/annuaires\/wp-json\/wp\/v2\/tags?post=6770"}],"curies":[{"name":"wp","href":"https:\/\/api.w.org\/{rel}","templated":true}]}}