{"id":6776,"date":"2019-07-28T13:40:24","date_gmt":"2019-07-28T11:40:24","guid":{"rendered":"http:\/\/lesmaconsdelacreuse.fr\/annuaire\/?p=6776"},"modified":"2020-02-11T12:22:26","modified_gmt":"2020-02-11T11:22:26","slug":"l_797","status":"publish","type":"post","link":"https:\/\/www.lesmaconsdelacreuse.fr\/annuaires\/lettre-l\/l_797\/","title":{"rendered":"LEBRAUD Jean (1873-1904)"},"content":{"rendered":"<p class=\"last-updated\"><strong>Mis \u00e0 jour le :<\/strong> 28\/04\/2026<\/p><h2 style=\"text-align: center;\"><strong>Jean LEBRAUD<\/strong><\/h2>\n<p style=\"text-align: center;\"><strong>1873 &#8211; 1904<\/strong><\/p>\n<h4 style=\"text-align: center;\"><span style=\"color: #008000;\"><strong>ma\u00e7on<\/strong><\/span><\/h4>\n<p style=\"text-align: center;\">n\u00e9 \u00e0 Andaleix (Roy\u00e8re)<\/p>\n<p style=\"text-align: center;\">le 13 novembre 1873<\/p>\n<p style=\"text-align: center;\">fils de<\/p>\n<p style=\"text-align: center;\">Jean LEBRAUD,<span style=\"color: #008000;\"> <strong>ma\u00e7on<\/strong><\/span><\/p>\n<p style=\"text-align: center;\">Jeanne BONNET, ouvri\u00e8re ganti\u00e8re<\/p>\n<p style=\"text-align: center;\"><span style=\"color: #ffffff;\">\u25d9<\/span><\/p>\n<p><strong>En 1894<\/strong><em>, Jean travaille dans le <\/em><span style=\"color: #0000ff;\"><strong>Rh\u00f4ne <\/strong><\/span><em>et y passe le conseil de r\u00e9vision.<\/em><\/p>\n<p><strong>En 1895<\/strong><em>, il habite <\/em><span style=\"color: #0000ff;\"><strong>Bard (42)<\/strong><\/span><em>\u00a0;<\/em><\/p>\n<p><strong>en 1896<\/strong><em>, <\/em><span style=\"color: #0000ff;\"><strong>Lyon (69)<\/strong><\/span><em>, 27, rue Moncey.<\/em><\/p>\n<p><em> Il \u00e9pouse Henriette Fran\u00e7oise <\/em><strong>DORNON<\/strong><em>. <\/em><\/p>\n<p><strong>En 1897 et 1898<\/strong><em>, il est \u00e0 <\/em><span style=\"color: #0000ff;\"><strong>Jallieu (38)<\/strong><\/span><em><span style=\"color: #0000ff;\">\u00a0<\/span>;<\/em><\/p>\n<p><strong>en 1903<\/strong><em>, \u00e0 <\/em><span style=\"color: #0000ff;\"><strong>Oullins (69)<\/strong><\/span><em>.<\/em><\/p>\n<p><em> Il d\u00e9c\u00e8de le 29 avril <\/em><strong>1904<\/strong><em> \u00e0 \u25ba<a target=\"_blank\"href=\"https:\/\/www.lesmaconsdelacreuse.fr\/annuaires\/\/wp-content\/uploads\/PHOTOS_-_CARTES_POSTALES\/LYON_-_Hopital_de_lHotel-Dieu.jpg\">l\u2019H\u00f4tel-Dieu<\/a> de Lyon, \u00e2g\u00e9 de 30 ans, toujours domicili\u00e9 \u00e0 Oullins. <\/em><\/p>\n","protected":false},"excerpt":{"rendered":"<p>Mis \u00e0 jour le : 28\/04\/2026Jean LEBRAUD 1873 &#8211; 1904 ma\u00e7on n\u00e9 \u00e0 Andaleix (Roy\u00e8re) le 13 novembre 1873 fils de Jean LEBRAUD, ma\u00e7on Jeanne BONNET, ouvri\u00e8re ganti\u00e8re \u25d9 En 1894, Jean travaille dans le Rh\u00f4ne et y passe le conseil de r\u00e9vision. En 1895, il habite Bard (42)\u00a0; en 1896, Lyon (69), 27, rue ..<\/p>\n<div class=\"clear-fix\"><\/div>\n<p><a href=\"https:\/\/www.lesmaconsdelacreuse.fr\/annuaires\/lettre-l\/l_797\/\" title=\"Lire la suite...\">Lire la suite<\/a><\/p>\n","protected":false},"author":6,"featured_media":0,"comment_status":"closed","ping_status":"closed","sticky":false,"template":"","format":"standard","meta":{"_acf_changed":false,"_exactmetrics_skip_tracking":false,"_exactmetrics_sitenote_active":false,"_exactmetrics_sitenote_note":"","_exactmetrics_sitenote_category":0,"footnotes":""},"categories":[19],"tags":[],"class_list":["post-6776","post","type-post","status-publish","format-standard","hentry","category-lettre-l"],"acf":[],"_links":{"self":[{"href":"https:\/\/www.lesmaconsdelacreuse.fr\/annuaires\/wp-json\/wp\/v2\/posts\/6776","targetHints":{"allow":["GET"]}}],"collection":[{"href":"https:\/\/www.lesmaconsdelacreuse.fr\/annuaires\/wp-json\/wp\/v2\/posts"}],"about":[{"href":"https:\/\/www.lesmaconsdelacreuse.fr\/annuaires\/wp-json\/wp\/v2\/types\/post"}],"author":[{"embeddable":true,"href":"https:\/\/www.lesmaconsdelacreuse.fr\/annuaires\/wp-json\/wp\/v2\/users\/6"}],"replies":[{"embeddable":true,"href":"https:\/\/www.lesmaconsdelacreuse.fr\/annuaires\/wp-json\/wp\/v2\/comments?post=6776"}],"version-history":[{"count":0,"href":"https:\/\/www.lesmaconsdelacreuse.fr\/annuaires\/wp-json\/wp\/v2\/posts\/6776\/revisions"}],"wp:attachment":[{"href":"https:\/\/www.lesmaconsdelacreuse.fr\/annuaires\/wp-json\/wp\/v2\/media?parent=6776"}],"wp:term":[{"taxonomy":"category","embeddable":true,"href":"https:\/\/www.lesmaconsdelacreuse.fr\/annuaires\/wp-json\/wp\/v2\/categories?post=6776"},{"taxonomy":"post_tag","embeddable":true,"href":"https:\/\/www.lesmaconsdelacreuse.fr\/annuaires\/wp-json\/wp\/v2\/tags?post=6776"}],"curies":[{"name":"wp","href":"https:\/\/api.w.org\/{rel}","templated":true}]}}