{"id":6778,"date":"2019-07-28T13:40:24","date_gmt":"2019-07-28T11:40:24","guid":{"rendered":"http:\/\/lesmaconsdelacreuse.fr\/annuaire\/?p=6778"},"modified":"2020-01-20T11:27:42","modified_gmt":"2020-01-20T10:27:42","slug":"l_771","status":"publish","type":"post","link":"https:\/\/www.lesmaconsdelacreuse.fr\/annuaires\/lettre-l\/l_771\/","title":{"rendered":"LEBRAUD Fran\u00e7ois (1881-apr\u00e8s 1929)"},"content":{"rendered":"<p class=\"last-updated\"><strong>Mis \u00e0 jour le :<\/strong> 28\/04\/2026<\/p><h2 style=\"text-align: center;\"><strong>Fran\u00e7ois LEBRAUD<\/strong><\/h2>\n<p style=\"text-align: center;\"><strong>1881 \u2013 apr\u00e8s 1929<\/strong><\/p>\n<p style=\"text-align: center;\"><img decoding=\"async\" title=\"\" src=\"https:\/\/lesmaconsdelacreuse.fr\/annuaire\/wp-content\/uploads\/2019\/07\/image1-101.png\" alt=\"\" data-source-id=\"i.0\" data-asset-id=\"6773\" \/><\/p>\n<h4 style=\"text-align: center;\"><span style=\"color: #008000;\"><strong>ma\u00e7on<\/strong><\/span><\/h4>\n<p style=\"text-align: center;\">n\u00e9 \u00e0 Auzoux (Roy\u00e8re)<\/p>\n<p style=\"text-align: center;\">le 17 septembre 1881<\/p>\n<p style=\"text-align: center;\">fils de<\/p>\n<p style=\"text-align: center;\">Louis LEBRAUD, <span style=\"color: #008000;\"><strong>ma\u00e7on<\/strong><\/span><\/p>\n<p style=\"text-align: center;\">Marie Th\u00e9r\u00e8se LEBRAUD, cultivatrice<\/p>\n<p style=\"text-align: center;\"><span style=\"color: #ffffff;\">\u25d9<\/span><\/p>\n<p><strong>En 1902<\/strong><em>, Fran\u00e7ois travaille dans le <\/em><span style=\"color: #0000ff;\"><strong>Rh\u00f4ne <\/strong><\/span><em>et y passe le conseil de r\u00e9vision. Il est dispens\u00e9 de service militaire ayant un fr\u00e8re sous les drapeaux. Il loge \u00e0 <\/em><span style=\"color: #0000ff;\"><strong>Lyon (69)<\/strong><\/span><em>, 126, rue Boileau.<\/em><\/p>\n<p><strong>En 1904<\/strong><em>, il habite 54, rue Paul Bert\u00a0;<\/em><\/p>\n<p><strong>en 1905<\/strong><em>, 62, rue Bugeaud, puis 52, rue de la Viabert \u00e0 <\/em><span style=\"color: #0000ff;\"><strong>Villeurbanne (69)<\/strong><\/span><em>. <\/em><\/p>\n<p><strong>En 1908<\/strong><em>, de retour \u00e0 Lyon, on le trouve 113, rue des Charmettes;<\/em><\/p>\n<p><strong>en 1909<\/strong><em>, 4, rue Fran\u00e7ois Garcin\u00a0;<\/em><\/p>\n<p><strong>en 1911<\/strong><em>, 205, rue Cr\u00e9qui.<\/em><\/p>\n<p><em>Il \u00e9pouse \u00e0 Villeurbanne, le 28 octobre de la m\u00eame ann\u00e9e, Marie M\u00e9lanie <\/em><strong>SORET<\/strong><em>, originaire de l\u2019Ain (mari\u00e9s sans contrat)\u00a0. <\/em><\/p>\n<p><em>En d\u00e9cembre de la m\u00eame ann\u00e9e, ils habitent 125, rue de S\u00e8ze\u00a0;<\/em><\/p>\n<p><strong>en 1919<\/strong><em>, boulevard des Brotteaux\u00a0;<\/em><\/p>\n<p><strong>en 1925<\/strong><em>, 166, rue Cuvier\u00a0;<\/em><\/p>\n<p><strong>en 1928 et 1929<\/strong><em>, 5, place Camille Flammarion dans le 4e arrondissement.<\/em><\/p>\n","protected":false},"excerpt":{"rendered":"<p>Mis \u00e0 jour le : 28\/04\/2026Fran\u00e7ois LEBRAUD 1881 \u2013 apr\u00e8s 1929 ma\u00e7on n\u00e9 \u00e0 Auzoux (Roy\u00e8re) le 17 septembre 1881 fils de Louis LEBRAUD, ma\u00e7on Marie Th\u00e9r\u00e8se LEBRAUD, cultivatrice \u25d9 En 1902, Fran\u00e7ois travaille dans le Rh\u00f4ne et y passe le conseil de r\u00e9vision. Il est dispens\u00e9 de service militaire ayant un fr\u00e8re sous les ..<\/p>\n<div class=\"clear-fix\"><\/div>\n<p><a href=\"https:\/\/www.lesmaconsdelacreuse.fr\/annuaires\/lettre-l\/l_771\/\" title=\"Lire la suite...\">Lire la suite<\/a><\/p>\n","protected":false},"author":6,"featured_media":0,"comment_status":"closed","ping_status":"closed","sticky":false,"template":"","format":"standard","meta":{"_acf_changed":false,"_exactmetrics_skip_tracking":false,"_exactmetrics_sitenote_active":false,"_exactmetrics_sitenote_note":"","_exactmetrics_sitenote_category":0,"footnotes":""},"categories":[19],"tags":[],"class_list":["post-6778","post","type-post","status-publish","format-standard","hentry","category-lettre-l"],"acf":[],"_links":{"self":[{"href":"https:\/\/www.lesmaconsdelacreuse.fr\/annuaires\/wp-json\/wp\/v2\/posts\/6778","targetHints":{"allow":["GET"]}}],"collection":[{"href":"https:\/\/www.lesmaconsdelacreuse.fr\/annuaires\/wp-json\/wp\/v2\/posts"}],"about":[{"href":"https:\/\/www.lesmaconsdelacreuse.fr\/annuaires\/wp-json\/wp\/v2\/types\/post"}],"author":[{"embeddable":true,"href":"https:\/\/www.lesmaconsdelacreuse.fr\/annuaires\/wp-json\/wp\/v2\/users\/6"}],"replies":[{"embeddable":true,"href":"https:\/\/www.lesmaconsdelacreuse.fr\/annuaires\/wp-json\/wp\/v2\/comments?post=6778"}],"version-history":[{"count":0,"href":"https:\/\/www.lesmaconsdelacreuse.fr\/annuaires\/wp-json\/wp\/v2\/posts\/6778\/revisions"}],"wp:attachment":[{"href":"https:\/\/www.lesmaconsdelacreuse.fr\/annuaires\/wp-json\/wp\/v2\/media?parent=6778"}],"wp:term":[{"taxonomy":"category","embeddable":true,"href":"https:\/\/www.lesmaconsdelacreuse.fr\/annuaires\/wp-json\/wp\/v2\/categories?post=6778"},{"taxonomy":"post_tag","embeddable":true,"href":"https:\/\/www.lesmaconsdelacreuse.fr\/annuaires\/wp-json\/wp\/v2\/tags?post=6778"}],"curies":[{"name":"wp","href":"https:\/\/api.w.org\/{rel}","templated":true}]}}