{"id":6779,"date":"2019-07-28T13:40:12","date_gmt":"2019-07-28T11:40:12","guid":{"rendered":"http:\/\/lesmaconsdelacreuse.fr\/annuaire\/?p=6779"},"modified":"2020-01-20T11:27:44","modified_gmt":"2020-01-20T10:27:44","slug":"l_775","status":"publish","type":"post","link":"https:\/\/www.lesmaconsdelacreuse.fr\/annuaires\/lettre-l\/l_775\/","title":{"rendered":"LEBRAUD Gabriel (1805-1850)"},"content":{"rendered":"<p class=\"last-updated\"><strong>Mis \u00e0 jour le :<\/strong> 28\/04\/2026<\/p><h2 style=\"text-align: center;\"><strong>Gabriel LEBRAUD<\/strong><\/h2>\n<p style=\"text-align: center;\"><strong>1805 \u2013 1850<\/strong><\/p>\n<p style=\"text-align: center;\"><img decoding=\"async\" title=\"\" src=\"https:\/\/lesmaconsdelacreuse.fr\/annuaire\/wp-content\/uploads\/2019\/07\/image1-1708.jpg\" alt=\"\" data-source-id=\"i.0\" data-asset-id=\"6775\" \/><\/p>\n<h4 style=\"text-align: center;\"><span style=\"color: #008000;\"><strong>ma\u00e7on <\/strong>et<strong> cultivateur<\/strong><\/span><\/h4>\n<p style=\"text-align: center;\">n\u00e9 \u00e0 Senoueix (Gentioux)<\/p>\n<p style=\"text-align: center;\">le 7 vend\u00e9miaire an XIV (29 septembre 1805)<\/p>\n<p style=\"text-align: center;\">fils de<\/p>\n<p style=\"text-align: center;\">Martial LEBRAUD, <span style=\"color: #008000;\"><strong>ma\u00e7on<\/strong><\/span><\/p>\n<p style=\"text-align: center;\">Jeanne FAUCHER, cultivatrice<\/p>\n<p style=\"text-align: center;\"><span style=\"color: #ffffff;\">\u25d9<\/span><\/p>\n<p><em>Gabriel \u00e9pouse Marie <\/em><strong>L\u00c9GER <\/strong><em>le 12 janvier <\/em><strong>1841<\/strong><em> \u00e0 Roy\u00e8re. <\/em><\/p>\n<p><em>Ils habitent Le Villard, m\u00eame commune. <\/em><\/p>\n<p><em>Ils d\u00e9c\u00e8dent\u00a0:<\/em><\/p>\n<ul>\n<li><em>Gabriel, \u00e0 Lachaud-Couraud, commune de Gentioux le 9 ao\u00fbt <\/em><strong>1850<\/strong><em>, \u00e2g\u00e9 de 44 ans<\/em><\/li>\n<li><em>Marie, au Villard, le 1er janvier <\/em><strong>1860<\/strong><em>, \u00e2g\u00e9e de 43 ans<\/em><\/li>\n<\/ul>\n","protected":false},"excerpt":{"rendered":"<p>Mis \u00e0 jour le : 28\/04\/2026Gabriel LEBRAUD 1805 \u2013 1850 ma\u00e7on et cultivateur n\u00e9 \u00e0 Senoueix (Gentioux) le 7 vend\u00e9miaire an XIV (29 septembre 1805) fils de Martial LEBRAUD, ma\u00e7on Jeanne FAUCHER, cultivatrice \u25d9 Gabriel \u00e9pouse Marie L\u00c9GER le 12 janvier 1841 \u00e0 Roy\u00e8re. Ils habitent Le Villard, m\u00eame commune. Ils d\u00e9c\u00e8dent\u00a0: Gabriel, \u00e0 Lachaud-Couraud, ..<\/p>\n<div class=\"clear-fix\"><\/div>\n<p><a href=\"https:\/\/www.lesmaconsdelacreuse.fr\/annuaires\/lettre-l\/l_775\/\" title=\"Lire la suite...\">Lire la suite<\/a><\/p>\n","protected":false},"author":6,"featured_media":0,"comment_status":"closed","ping_status":"closed","sticky":false,"template":"","format":"standard","meta":{"_acf_changed":false,"_exactmetrics_skip_tracking":false,"_exactmetrics_sitenote_active":false,"_exactmetrics_sitenote_note":"","_exactmetrics_sitenote_category":0,"footnotes":""},"categories":[19],"tags":[],"class_list":["post-6779","post","type-post","status-publish","format-standard","hentry","category-lettre-l"],"acf":[],"_links":{"self":[{"href":"https:\/\/www.lesmaconsdelacreuse.fr\/annuaires\/wp-json\/wp\/v2\/posts\/6779","targetHints":{"allow":["GET"]}}],"collection":[{"href":"https:\/\/www.lesmaconsdelacreuse.fr\/annuaires\/wp-json\/wp\/v2\/posts"}],"about":[{"href":"https:\/\/www.lesmaconsdelacreuse.fr\/annuaires\/wp-json\/wp\/v2\/types\/post"}],"author":[{"embeddable":true,"href":"https:\/\/www.lesmaconsdelacreuse.fr\/annuaires\/wp-json\/wp\/v2\/users\/6"}],"replies":[{"embeddable":true,"href":"https:\/\/www.lesmaconsdelacreuse.fr\/annuaires\/wp-json\/wp\/v2\/comments?post=6779"}],"version-history":[{"count":0,"href":"https:\/\/www.lesmaconsdelacreuse.fr\/annuaires\/wp-json\/wp\/v2\/posts\/6779\/revisions"}],"wp:attachment":[{"href":"https:\/\/www.lesmaconsdelacreuse.fr\/annuaires\/wp-json\/wp\/v2\/media?parent=6779"}],"wp:term":[{"taxonomy":"category","embeddable":true,"href":"https:\/\/www.lesmaconsdelacreuse.fr\/annuaires\/wp-json\/wp\/v2\/categories?post=6779"},{"taxonomy":"post_tag","embeddable":true,"href":"https:\/\/www.lesmaconsdelacreuse.fr\/annuaires\/wp-json\/wp\/v2\/tags?post=6779"}],"curies":[{"name":"wp","href":"https:\/\/api.w.org\/{rel}","templated":true}]}}