{"id":6781,"date":"2019-07-28T13:40:12","date_gmt":"2019-07-28T11:40:12","guid":{"rendered":"http:\/\/lesmaconsdelacreuse.fr\/annuaire\/?p=6781"},"modified":"2020-01-20T11:27:43","modified_gmt":"2020-01-20T10:27:43","slug":"l_767","status":"publish","type":"post","link":"https:\/\/www.lesmaconsdelacreuse.fr\/annuaires\/lettre-l\/l_767\/","title":{"rendered":"LEBRAUD Fran\u00e7ois (1859-apr\u00e8s 1891)"},"content":{"rendered":"<p class=\"last-updated\"><strong>Mis \u00e0 jour le :<\/strong> 28\/04\/2026<\/p><h2 style=\"text-align: center;\"><strong>Fran\u00e7ois LEBRAUD<\/strong><\/h2>\n<p style=\"text-align: center;\"><strong>1859 \u2013 apr\u00e8s 1891<\/strong><\/p>\n<h4 style=\"text-align: center;\"><span style=\"color: #008000;\"><strong>ma\u00e7on<\/strong><\/span><\/h4>\n<p style=\"text-align: center;\">n\u00e9 \u00e0 Prugnolas (Roy\u00e8re)<\/p>\n<p style=\"text-align: center;\">le 13 janvier 1859<\/p>\n<p style=\"text-align: center;\">fils de<\/p>\n<p style=\"text-align: center;\">Fran\u00e7ois LEBRAUD,<span style=\"color: #008000;\"><strong> ma\u00e7on<\/strong><\/span><\/p>\n<p style=\"text-align: center;\">Marie CHENAUD, cultivatrice<\/p>\n<p style=\"text-align: center;\"><span style=\"color: #ffffff;\">\u25d9<\/span><\/p>\n<p><strong>En 1880<\/strong><em>, Fran\u00e7ois travaille dans le <\/em><span style=\"color: #0000ff;\"><strong>Rh\u00f4ne <\/strong><\/span><em>et y passe le conseil de r\u00e9vision.<\/em><\/p>\n<p><strong>En 1885<\/strong><em>, il habite <\/em><span style=\"color: #0000ff;\"><strong>Lyon (69)<\/strong><\/span><em> 80, rue de la Part-Dieu.<\/em><\/p>\n<p><em> Il travaille ensuite \u00e0 <\/em><span style=\"color: #0000ff;\"><strong>Paris (75)<\/strong><\/span><em>, et loge\u00a0:<\/em><\/p>\n<p><strong>en 1886<\/strong><em>, 18, rue de l\u2019H\u00f4tel de Ville;<\/em><\/p>\n<p><strong>en 1887<\/strong><em>, 64, rue du Coteau., puis Chavanat.<\/em><\/p>\n<p><strong>En 1888<\/strong><em>, il est \u00e0 <\/em><span style=\"color: #0000ff;\"><strong>Cognac (16)<\/strong><\/span><em>, rue de la R\u00e9publique.<\/em><\/p>\n<p><strong>En 1889<\/strong><em> de nouveau \u00e0 Chavanat.<\/em><\/p>\n","protected":false},"excerpt":{"rendered":"<p>Mis \u00e0 jour le : 28\/04\/2026Fran\u00e7ois LEBRAUD 1859 \u2013 apr\u00e8s 1891 ma\u00e7on n\u00e9 \u00e0 Prugnolas (Roy\u00e8re) le 13 janvier 1859 fils de Fran\u00e7ois LEBRAUD, ma\u00e7on Marie CHENAUD, cultivatrice \u25d9 En 1880, Fran\u00e7ois travaille dans le Rh\u00f4ne et y passe le conseil de r\u00e9vision. En 1885, il habite Lyon (69) 80, rue de la Part-Dieu. Il ..<\/p>\n<div class=\"clear-fix\"><\/div>\n<p><a href=\"https:\/\/www.lesmaconsdelacreuse.fr\/annuaires\/lettre-l\/l_767\/\" title=\"Lire la suite...\">Lire la suite<\/a><\/p>\n","protected":false},"author":6,"featured_media":0,"comment_status":"closed","ping_status":"closed","sticky":false,"template":"","format":"standard","meta":{"_acf_changed":false,"_exactmetrics_skip_tracking":false,"_exactmetrics_sitenote_active":false,"_exactmetrics_sitenote_note":"","_exactmetrics_sitenote_category":0,"footnotes":""},"categories":[19],"tags":[],"class_list":["post-6781","post","type-post","status-publish","format-standard","hentry","category-lettre-l"],"acf":[],"_links":{"self":[{"href":"https:\/\/www.lesmaconsdelacreuse.fr\/annuaires\/wp-json\/wp\/v2\/posts\/6781","targetHints":{"allow":["GET"]}}],"collection":[{"href":"https:\/\/www.lesmaconsdelacreuse.fr\/annuaires\/wp-json\/wp\/v2\/posts"}],"about":[{"href":"https:\/\/www.lesmaconsdelacreuse.fr\/annuaires\/wp-json\/wp\/v2\/types\/post"}],"author":[{"embeddable":true,"href":"https:\/\/www.lesmaconsdelacreuse.fr\/annuaires\/wp-json\/wp\/v2\/users\/6"}],"replies":[{"embeddable":true,"href":"https:\/\/www.lesmaconsdelacreuse.fr\/annuaires\/wp-json\/wp\/v2\/comments?post=6781"}],"version-history":[{"count":0,"href":"https:\/\/www.lesmaconsdelacreuse.fr\/annuaires\/wp-json\/wp\/v2\/posts\/6781\/revisions"}],"wp:attachment":[{"href":"https:\/\/www.lesmaconsdelacreuse.fr\/annuaires\/wp-json\/wp\/v2\/media?parent=6781"}],"wp:term":[{"taxonomy":"category","embeddable":true,"href":"https:\/\/www.lesmaconsdelacreuse.fr\/annuaires\/wp-json\/wp\/v2\/categories?post=6781"},{"taxonomy":"post_tag","embeddable":true,"href":"https:\/\/www.lesmaconsdelacreuse.fr\/annuaires\/wp-json\/wp\/v2\/tags?post=6781"}],"curies":[{"name":"wp","href":"https:\/\/api.w.org\/{rel}","templated":true}]}}