{"id":6786,"date":"2019-07-28T13:40:11","date_gmt":"2019-07-28T11:40:11","guid":{"rendered":"http:\/\/lesmaconsdelacreuse.fr\/annuaire\/?p=6786"},"modified":"2020-01-20T11:27:45","modified_gmt":"2020-01-20T10:27:45","slug":"l_729","status":"publish","type":"post","link":"https:\/\/www.lesmaconsdelacreuse.fr\/annuaires\/lettre-l\/l_729\/","title":{"rendered":"LEBOST Antoine (vers 1727-1805)"},"content":{"rendered":"<p class=\"last-updated\"><strong>Mis \u00e0 jour le :<\/strong> 28\/04\/2026<\/p><h2 style=\"text-align: center;\"><strong>Antoine LEBOST<\/strong><\/h2>\n<p style=\"text-align: center;\"><strong>Antoine LEBEAU<\/strong><\/p>\n<p style=\"text-align: center;\"><strong>vers 1727 &#8211; 1805<\/strong><\/p>\n<p style=\"text-align: center;\"><img decoding=\"async\" title=\"\" src=\"https:\/\/lesmaconsdelacreuse.fr\/annuaire\/wp-content\/uploads\/2019\/07\/image1-1709.jpg\" alt=\"\" data-source-id=\"i.0\" data-asset-id=\"6780\" \/><\/p>\n<h4 style=\"text-align: center;\"><span style=\"color: #008000;\"><strong>ma\u00e7on <\/strong>et<strong> laboureur<\/strong><\/span><\/h4>\n<p style=\"text-align: center;\">n\u00e9 au Ch\u00e2taignoux (Roy\u00e8re)\u00a0?<\/p>\n<p style=\"text-align: center;\">vers 1727<\/p>\n<p style=\"text-align: center;\">fils de<\/p>\n<p style=\"text-align: center;\">L\u00e9onard LEBOST \/ Marie MEAUME<\/p>\n<p style=\"text-align: center;\">laboureurs<\/p>\n<p style=\"text-align: center;\"><span style=\"color: #ffffff;\">\u25d9<\/span><\/p>\n<p><em>Antoine \u00e9pouse Th\u00e9r\u00e8se <\/em><strong>BOURDEAU<\/strong><em> le 4 f\u00e9vrier <\/em><strong>1755<\/strong><em> \u00e0 Roy\u00e8re (contrat Leblanc \u00e0 Valli\u00e8re). Ils habitent Haute-Faye, paroisse de Roy\u00e8re.<\/em><\/p>\n<p><em>Th\u00e9r\u00e8se y d\u00e9c\u00e8de le 8 juillet <\/em><strong>1771<\/strong><em>, \u00e2g\u00e9e de 30 ans. <\/em><\/p>\n<p><em>Antoine se remarie le 19 f\u00e9vrier <\/em><strong>1776<\/strong> <em>\u00e0 Roy\u00e8re avec Gabrielle <\/em><strong>G\u00c9RY<\/strong><em>. Ils habitent Jeansanetas, m\u00eame paroisse.<\/em><\/p>\n<p><em>Ils y d\u00e9c\u00e8dent\u00a0:<\/em><\/p>\n<ul>\n<li><em>Antoine, le 19 fructidor an XIII (6 septembre <\/em><strong>1805<\/strong><em>), \u00e2g\u00e9 de 78 ans environ<\/em><\/li>\n<li><em>Gabrielle, le 27 juin <\/em><strong>1810<\/strong><em>, \u00e2g\u00e9e de 67 ans environ<\/em><\/li>\n<\/ul>\n<p>&nbsp;<\/p>\n","protected":false},"excerpt":{"rendered":"<p>Mis \u00e0 jour le : 28\/04\/2026Antoine LEBOST Antoine LEBEAU vers 1727 &#8211; 1805 ma\u00e7on et laboureur n\u00e9 au Ch\u00e2taignoux (Roy\u00e8re)\u00a0? vers 1727 fils de L\u00e9onard LEBOST \/ Marie MEAUME laboureurs \u25d9 Antoine \u00e9pouse Th\u00e9r\u00e8se BOURDEAU le 4 f\u00e9vrier 1755 \u00e0 Roy\u00e8re (contrat Leblanc \u00e0 Valli\u00e8re). Ils habitent Haute-Faye, paroisse de Roy\u00e8re. Th\u00e9r\u00e8se y d\u00e9c\u00e8de le ..<\/p>\n<div class=\"clear-fix\"><\/div>\n<p><a href=\"https:\/\/www.lesmaconsdelacreuse.fr\/annuaires\/lettre-l\/l_729\/\" title=\"Lire la suite...\">Lire la suite<\/a><\/p>\n","protected":false},"author":6,"featured_media":0,"comment_status":"closed","ping_status":"closed","sticky":false,"template":"","format":"standard","meta":{"_acf_changed":false,"_exactmetrics_skip_tracking":false,"_exactmetrics_sitenote_active":false,"_exactmetrics_sitenote_note":"","_exactmetrics_sitenote_category":0,"footnotes":""},"categories":[19],"tags":[],"class_list":["post-6786","post","type-post","status-publish","format-standard","hentry","category-lettre-l"],"acf":[],"_links":{"self":[{"href":"https:\/\/www.lesmaconsdelacreuse.fr\/annuaires\/wp-json\/wp\/v2\/posts\/6786","targetHints":{"allow":["GET"]}}],"collection":[{"href":"https:\/\/www.lesmaconsdelacreuse.fr\/annuaires\/wp-json\/wp\/v2\/posts"}],"about":[{"href":"https:\/\/www.lesmaconsdelacreuse.fr\/annuaires\/wp-json\/wp\/v2\/types\/post"}],"author":[{"embeddable":true,"href":"https:\/\/www.lesmaconsdelacreuse.fr\/annuaires\/wp-json\/wp\/v2\/users\/6"}],"replies":[{"embeddable":true,"href":"https:\/\/www.lesmaconsdelacreuse.fr\/annuaires\/wp-json\/wp\/v2\/comments?post=6786"}],"version-history":[{"count":0,"href":"https:\/\/www.lesmaconsdelacreuse.fr\/annuaires\/wp-json\/wp\/v2\/posts\/6786\/revisions"}],"wp:attachment":[{"href":"https:\/\/www.lesmaconsdelacreuse.fr\/annuaires\/wp-json\/wp\/v2\/media?parent=6786"}],"wp:term":[{"taxonomy":"category","embeddable":true,"href":"https:\/\/www.lesmaconsdelacreuse.fr\/annuaires\/wp-json\/wp\/v2\/categories?post=6786"},{"taxonomy":"post_tag","embeddable":true,"href":"https:\/\/www.lesmaconsdelacreuse.fr\/annuaires\/wp-json\/wp\/v2\/tags?post=6786"}],"curies":[{"name":"wp","href":"https:\/\/api.w.org\/{rel}","templated":true}]}}