{"id":6791,"date":"2019-07-28T13:40:12","date_gmt":"2019-07-28T11:40:12","guid":{"rendered":"http:\/\/lesmaconsdelacreuse.fr\/annuaire\/?p=6791"},"modified":"2022-04-10T14:49:59","modified_gmt":"2022-04-10T12:49:59","slug":"l_794","status":"publish","type":"post","link":"https:\/\/www.lesmaconsdelacreuse.fr\/annuaires\/lettre-l\/l_794\/","title":{"rendered":"LEBRAUD Jean (1843-apr\u00e8s 1894)"},"content":{"rendered":"<p class=\"last-updated\"><strong>Mis \u00e0 jour le :<\/strong> 28\/04\/2026<\/p><h2 style=\"text-align: center;\"><strong>Jean LEBRAUD<\/strong><\/h2>\n<p style=\"text-align: center;\"><strong>Jean-Baptiste LEBRAUD<\/strong><\/p>\n<p style=\"text-align: center;\"><strong>1843 \u2013 apr\u00e8s 1894<\/strong><\/p>\n<p style=\"text-align: center;\"><img decoding=\"async\" title=\"\" src=\"https:\/\/lesmaconsdelacreuse.fr\/annuaire\/wp-content\/uploads\/2019\/07\/image1-1713.jpg\" alt=\"\" data-source-id=\"i.0\" data-asset-id=\"6788\" \/><\/p>\n<h4 style=\"text-align: center;\"><span style=\"color: #008000;\"><strong>ma\u00e7on<\/strong><\/span><\/h4>\n<p>&nbsp;<\/p>\n<p style=\"text-align: center;\">n\u00e9 \u00e0 Orladeix (Roy\u00e8re)<\/p>\n<p style=\"text-align: center;\">le 25 juillet 1843<\/p>\n<p style=\"text-align: center;\">fils de<\/p>\n<p style=\"text-align: center;\">\u00c9tienne LEBRAUD,\u00a0<strong>\u25ba\u00a0<\/strong><a href=\"https:\/\/www.lesmaconsdelacreuse.fr\/annuaires\/wp-content\/uploads\/2020\/07\/MA\u00ceTRE-MA\u00c7ON.png\" target=\"_blank\" rel=\"noopener noreferrer\"><strong><span style=\"color: #008000;\">ma\u00eetre ma\u00e7on<\/span><\/strong><\/a><\/p>\n<p style=\"text-align: center;\">Jeanne PORTIER, cultivatrice<\/p>\n<p style=\"text-align: center;\"><span style=\"color: #ffffff;\">\u25d9<\/span><\/p>\n<p><em>Jean \u00e9pouse Jeanne-Marie<\/em> <strong>POTRAS<\/strong> <em>le 17 d\u00e9cembre<\/em> <strong>1868<\/strong> <em>\u00e0 <\/em><span style=\"color: #0000ff;\"><strong>Pont-de-Vaux (01).<\/strong><\/span><\/p>\n<p><strong>En 1888<\/strong><em>, ils sont \u00e0 <\/em><span style=\"color: #0000ff;\"><strong>Tassin-la-<\/strong><strong>Demi-Lune (69)<\/strong><\/span><em>.<\/em><\/p>\n<p><em>Jeanne Marie y d\u00e9c\u00e8de le 1<sup>er<\/sup> juillet de la m\u00eame ann\u00e9e, \u00e2g\u00e9e de 46 ans<\/em><\/p>\n<p><strong>\u00a0En 1894<\/strong><em>, Jean habite 2, avenue de La Gare.<\/em><\/p>\n","protected":false},"excerpt":{"rendered":"<p>Mis \u00e0 jour le : 28\/04\/2026Jean LEBRAUD Jean-Baptiste LEBRAUD 1843 \u2013 apr\u00e8s 1894 ma\u00e7on &nbsp; n\u00e9 \u00e0 Orladeix (Roy\u00e8re) le 25 juillet 1843 fils de \u00c9tienne LEBRAUD,\u00a0\u25ba\u00a0ma\u00eetre ma\u00e7on Jeanne PORTIER, cultivatrice \u25d9 Jean \u00e9pouse Jeanne-Marie POTRAS le 17 d\u00e9cembre 1868 \u00e0 Pont-de-Vaux (01). En 1888, ils sont \u00e0 Tassin-la-Demi-Lune (69). Jeanne Marie y d\u00e9c\u00e8de le ..<\/p>\n<div class=\"clear-fix\"><\/div>\n<p><a href=\"https:\/\/www.lesmaconsdelacreuse.fr\/annuaires\/lettre-l\/l_794\/\" title=\"Lire la suite...\">Lire la suite<\/a><\/p>\n","protected":false},"author":6,"featured_media":0,"comment_status":"closed","ping_status":"closed","sticky":false,"template":"","format":"standard","meta":{"_acf_changed":false,"_exactmetrics_skip_tracking":false,"_exactmetrics_sitenote_active":false,"_exactmetrics_sitenote_note":"","_exactmetrics_sitenote_category":0,"footnotes":""},"categories":[19],"tags":[],"class_list":["post-6791","post","type-post","status-publish","format-standard","hentry","category-lettre-l"],"acf":[],"_links":{"self":[{"href":"https:\/\/www.lesmaconsdelacreuse.fr\/annuaires\/wp-json\/wp\/v2\/posts\/6791","targetHints":{"allow":["GET"]}}],"collection":[{"href":"https:\/\/www.lesmaconsdelacreuse.fr\/annuaires\/wp-json\/wp\/v2\/posts"}],"about":[{"href":"https:\/\/www.lesmaconsdelacreuse.fr\/annuaires\/wp-json\/wp\/v2\/types\/post"}],"author":[{"embeddable":true,"href":"https:\/\/www.lesmaconsdelacreuse.fr\/annuaires\/wp-json\/wp\/v2\/users\/6"}],"replies":[{"embeddable":true,"href":"https:\/\/www.lesmaconsdelacreuse.fr\/annuaires\/wp-json\/wp\/v2\/comments?post=6791"}],"version-history":[{"count":2,"href":"https:\/\/www.lesmaconsdelacreuse.fr\/annuaires\/wp-json\/wp\/v2\/posts\/6791\/revisions"}],"predecessor-version":[{"id":197358,"href":"https:\/\/www.lesmaconsdelacreuse.fr\/annuaires\/wp-json\/wp\/v2\/posts\/6791\/revisions\/197358"}],"wp:attachment":[{"href":"https:\/\/www.lesmaconsdelacreuse.fr\/annuaires\/wp-json\/wp\/v2\/media?parent=6791"}],"wp:term":[{"taxonomy":"category","embeddable":true,"href":"https:\/\/www.lesmaconsdelacreuse.fr\/annuaires\/wp-json\/wp\/v2\/categories?post=6791"},{"taxonomy":"post_tag","embeddable":true,"href":"https:\/\/www.lesmaconsdelacreuse.fr\/annuaires\/wp-json\/wp\/v2\/tags?post=6791"}],"curies":[{"name":"wp","href":"https:\/\/api.w.org\/{rel}","templated":true}]}}