{"id":6792,"date":"2019-07-28T13:40:11","date_gmt":"2019-07-28T11:40:11","guid":{"rendered":"http:\/\/lesmaconsdelacreuse.fr\/annuaire\/?p=6792"},"modified":"2022-06-06T18:06:05","modified_gmt":"2022-06-06T16:06:05","slug":"l_727","status":"publish","type":"post","link":"https:\/\/www.lesmaconsdelacreuse.fr\/annuaires\/lettre-l\/l_727\/","title":{"rendered":"LEBLANC Pierre F\u00e9lix (1886-1971)"},"content":{"rendered":"<p class=\"last-updated\"><strong>Mis \u00e0 jour le :<\/strong> 28\/04\/2026<\/p><h2 style=\"text-align: center;\"><strong>Pierre F\u00e9lix LEBLANC<\/strong><\/h2>\n<p style=\"text-align: center;\"><strong>1886 &#8211; 1971<\/strong><\/p>\n<p><a href=\"https:\/\/www.lesmaconsdelacreuse.fr\/annuaires\/wp-content\/uploads\/2019\/07\/LEBLANC-Pierre-Felix-1886.jpg\"><img loading=\"lazy\" decoding=\"async\" class=\"size-medium wp-image-199984 aligncenter\" src=\"https:\/\/www.lesmaconsdelacreuse.fr\/annuaires\/wp-content\/uploads\/2019\/07\/LEBLANC-Pierre-Felix-1886-300x38.jpg\" alt=\"\" width=\"300\" height=\"38\" srcset=\"https:\/\/www.lesmaconsdelacreuse.fr\/annuaires\/wp-content\/uploads\/2019\/07\/LEBLANC-Pierre-Felix-1886-300x38.jpg 300w, https:\/\/www.lesmaconsdelacreuse.fr\/annuaires\/wp-content\/uploads\/2019\/07\/LEBLANC-Pierre-Felix-1886-16x2.jpg 16w, https:\/\/www.lesmaconsdelacreuse.fr\/annuaires\/wp-content\/uploads\/2019\/07\/LEBLANC-Pierre-Felix-1886-150x19.jpg 150w, https:\/\/www.lesmaconsdelacreuse.fr\/annuaires\/wp-content\/uploads\/2019\/07\/LEBLANC-Pierre-Felix-1886.jpg 326w\" sizes=\"auto, (max-width: 300px) 100vw, 300px\" \/><\/a><\/p>\n<h4 style=\"text-align: center;\"><span style=\"color: #008000;\"><strong>ma\u00e7on<\/strong><\/span><\/h4>\n<p style=\"text-align: center;\">n\u00e9 \u00e0 La Borderie (Saint-Pierre-le-Bost)<\/p>\n<p style=\"text-align: center;\">le 18 mars 1886<\/p>\n<p style=\"text-align: center;\">fils de<\/p>\n<p style=\"text-align: center;\">Jean LEBLANC, <span style=\"color: #008000;\"><strong>ma\u00e7on<\/strong><\/span><\/p>\n<p style=\"text-align: center;\">Marie GARDELLE, cultivatrice<\/p>\n<p style=\"text-align: center;\"><span style=\"color: #ffffff;\">\u25d9<\/span><\/p>\n<p><strong>En 1907<\/strong><em>, Pierre travaille dans la <\/em><span style=\"color: #0000ff;\"><strong>Seine <\/strong><\/span><em>et y passe le conseil de r\u00e9vision.<\/em><\/p>\n<p><strong>En 1911<\/strong><em>, il habite <\/em><strong><span style=\"color: #0000ff;\">Paris (75)<\/span>,<\/strong><em> 6, rue Fauvet, dans le 18e arrondissement\u00a0;<\/em><\/p>\n<p><strong>en 1912<\/strong><em>, 58, rue Championnet\u00a0;<\/em><\/p>\n<p><strong>en 1914<\/strong><em>, 32, passage du Ch\u00e2telet.<\/em><\/p>\n<p><em> Il \u00e9pouse Ir\u00e8ne Antoinette <\/em><strong>GUITTARD<\/strong><em> le 23 mars <\/em><strong>1914<\/strong><em> \u00e0 Vidaillat (contrat D\u00e9sautard \u00e0 Pontarion). Ils habitent Murat, m\u00eame commune. <\/em><\/p>\n<p><strong>En 1922<\/strong><em>, Pierre est \u00e0 Paris 6, rue Vincent Compoint, dans le 18e\u00a0;<\/em><\/p>\n<p><strong>en 1932<\/strong><em>, \u00e0 <\/em><span style=\"color: #0000ff;\"><strong>Pantin (93)<\/strong><\/span><em>, 159, rue du Bois.<\/em><\/p>\n<p><em> Il d\u00e9c\u00e8de \u00e0 Bourganeuf le 5 mai <\/em><strong>1971<\/strong><em>, \u00e2g\u00e9 de 85 ans.<\/em><\/p>\n","protected":false},"excerpt":{"rendered":"<p>Mis \u00e0 jour le : 28\/04\/2026Pierre F\u00e9lix LEBLANC 1886 &#8211; 1971 ma\u00e7on n\u00e9 \u00e0 La Borderie (Saint-Pierre-le-Bost) le 18 mars 1886 fils de Jean LEBLANC, ma\u00e7on Marie GARDELLE, cultivatrice \u25d9 En 1907, Pierre travaille dans la Seine et y passe le conseil de r\u00e9vision. En 1911, il habite Paris (75), 6, rue Fauvet, dans le ..<\/p>\n<div class=\"clear-fix\"><\/div>\n<p><a href=\"https:\/\/www.lesmaconsdelacreuse.fr\/annuaires\/lettre-l\/l_727\/\" title=\"Lire la suite...\">Lire la suite<\/a><\/p>\n","protected":false},"author":6,"featured_media":0,"comment_status":"closed","ping_status":"closed","sticky":false,"template":"","format":"standard","meta":{"_acf_changed":false,"_exactmetrics_skip_tracking":false,"_exactmetrics_sitenote_active":false,"_exactmetrics_sitenote_note":"","_exactmetrics_sitenote_category":0,"footnotes":""},"categories":[19],"tags":[],"class_list":["post-6792","post","type-post","status-publish","format-standard","hentry","category-lettre-l"],"acf":[],"_links":{"self":[{"href":"https:\/\/www.lesmaconsdelacreuse.fr\/annuaires\/wp-json\/wp\/v2\/posts\/6792","targetHints":{"allow":["GET"]}}],"collection":[{"href":"https:\/\/www.lesmaconsdelacreuse.fr\/annuaires\/wp-json\/wp\/v2\/posts"}],"about":[{"href":"https:\/\/www.lesmaconsdelacreuse.fr\/annuaires\/wp-json\/wp\/v2\/types\/post"}],"author":[{"embeddable":true,"href":"https:\/\/www.lesmaconsdelacreuse.fr\/annuaires\/wp-json\/wp\/v2\/users\/6"}],"replies":[{"embeddable":true,"href":"https:\/\/www.lesmaconsdelacreuse.fr\/annuaires\/wp-json\/wp\/v2\/comments?post=6792"}],"version-history":[{"count":2,"href":"https:\/\/www.lesmaconsdelacreuse.fr\/annuaires\/wp-json\/wp\/v2\/posts\/6792\/revisions"}],"predecessor-version":[{"id":199985,"href":"https:\/\/www.lesmaconsdelacreuse.fr\/annuaires\/wp-json\/wp\/v2\/posts\/6792\/revisions\/199985"}],"wp:attachment":[{"href":"https:\/\/www.lesmaconsdelacreuse.fr\/annuaires\/wp-json\/wp\/v2\/media?parent=6792"}],"wp:term":[{"taxonomy":"category","embeddable":true,"href":"https:\/\/www.lesmaconsdelacreuse.fr\/annuaires\/wp-json\/wp\/v2\/categories?post=6792"},{"taxonomy":"post_tag","embeddable":true,"href":"https:\/\/www.lesmaconsdelacreuse.fr\/annuaires\/wp-json\/wp\/v2\/tags?post=6792"}],"curies":[{"name":"wp","href":"https:\/\/api.w.org\/{rel}","templated":true}]}}