{"id":6793,"date":"2019-07-28T13:40:11","date_gmt":"2019-07-28T11:40:11","guid":{"rendered":"http:\/\/lesmaconsdelacreuse.fr\/annuaire\/?p=6793"},"modified":"2020-01-20T11:27:45","modified_gmt":"2020-01-20T10:27:45","slug":"l_731","status":"publish","type":"post","link":"https:\/\/www.lesmaconsdelacreuse.fr\/annuaires\/lettre-l\/l_731\/","title":{"rendered":"LEBOST Jean (1811-1880)"},"content":{"rendered":"<p class=\"last-updated\"><strong>Mis \u00e0 jour le :<\/strong> 28\/04\/2026<\/p><h2 style=\"text-align: center;\"><strong>Jean LEBOST<\/strong><\/h2>\n<p style=\"text-align: center;\"><strong>1811 \u2013 1880<\/strong><\/p>\n<p style=\"text-align: center;\"><img decoding=\"async\" title=\"\" src=\"https:\/\/lesmaconsdelacreuse.fr\/annuaire\/wp-content\/uploads\/2019\/07\/image1-1711.jpg\" alt=\"\" data-source-id=\"i.0\" data-asset-id=\"6785\" \/><\/p>\n<h4 style=\"text-align: center;\"><span style=\"color: #008000;\"><strong>ma\u00e7on <\/strong>et <strong>propri\u00e9taire cultivateur<\/strong><\/span><\/h4>\n<p style=\"text-align: center;\">n\u00e9 \u00e0 Jeansanetas (Roy\u00e8re)<\/p>\n<p style=\"text-align: center;\">le 13 mars 1811<\/p>\n<p style=\"text-align: center;\">fils de<\/p>\n<p style=\"text-align: center;\">L\u00e9onard LEBOST \/ Jeanne N\u00c9OLIER<\/p>\n<p style=\"text-align: center;\">propri\u00e9taires cultivateurs<\/p>\n<p style=\"text-align: center;\"><span style=\"color: #ffffff;\">\u25d9<\/span><\/p>\n<p><em>Jean \u00e9pouse Marie <\/em><strong>GOURBAUD<\/strong><em> le 7 f\u00e9vrier <\/em><strong>1841<\/strong> <em>\u00e0 Roy\u00e8re (contrat Toumieux). Ils habitent Soumeix.<\/em><\/p>\n<p><em>Marie y d\u00e9c\u00e8de le 24 octobre <\/em><strong>1843<\/strong><em>, \u00e2g\u00e9e de 30 ans.<\/em><\/p>\n<p><em> Jean se remarie le 5 f\u00e9vrier <\/em><strong>1846<\/strong> <em>\u00e0 Roy\u00e8re avec Jeanne <\/em><strong>DEGABRIEL<\/strong><em>, veuve d\u2019Antoine LEFAURE.<\/em><\/p>\n<p><em> Jeanne d\u00e9c\u00e8de au Cloud-Vallereix le 17 septembre <\/em><strong>1860<\/strong><em>, \u00e2g\u00e9e de 56 ans.<\/em><\/p>\n<p><em> Jean se remarie le 14 avril <\/em><strong>1864<\/strong><em> \u00e0 Roy\u00e8re avec Marie <\/em><strong>MEAUME<\/strong><em>. Ils vivent \u00e0 Soumeix.<\/em><\/p>\n<p><em> Ils y d\u00e9c\u00e8dent\u00a0:<\/em><\/p>\n<ul>\n<li><em>Jean, le 3 mars <\/em><strong>1880<\/strong><em>, \u00e2g\u00e9 de 68 ans<\/em><\/li>\n<li><em>Marie, le 6 janvier <\/em><strong>1915<\/strong><em>, \u00e2g\u00e9e de 83 ans<\/em><\/li>\n<\/ul>\n<p>&nbsp;<\/p>\n","protected":false},"excerpt":{"rendered":"<p>Mis \u00e0 jour le : 28\/04\/2026Jean LEBOST 1811 \u2013 1880 ma\u00e7on et propri\u00e9taire cultivateur n\u00e9 \u00e0 Jeansanetas (Roy\u00e8re) le 13 mars 1811 fils de L\u00e9onard LEBOST \/ Jeanne N\u00c9OLIER propri\u00e9taires cultivateurs \u25d9 Jean \u00e9pouse Marie GOURBAUD le 7 f\u00e9vrier 1841 \u00e0 Roy\u00e8re (contrat Toumieux). Ils habitent Soumeix. Marie y d\u00e9c\u00e8de le 24 octobre 1843, \u00e2g\u00e9e ..<\/p>\n<div class=\"clear-fix\"><\/div>\n<p><a href=\"https:\/\/www.lesmaconsdelacreuse.fr\/annuaires\/lettre-l\/l_731\/\" title=\"Lire la suite...\">Lire la suite<\/a><\/p>\n","protected":false},"author":6,"featured_media":0,"comment_status":"closed","ping_status":"closed","sticky":false,"template":"","format":"standard","meta":{"_acf_changed":false,"_exactmetrics_skip_tracking":false,"_exactmetrics_sitenote_active":false,"_exactmetrics_sitenote_note":"","_exactmetrics_sitenote_category":0,"footnotes":""},"categories":[19],"tags":[],"class_list":["post-6793","post","type-post","status-publish","format-standard","hentry","category-lettre-l"],"acf":[],"_links":{"self":[{"href":"https:\/\/www.lesmaconsdelacreuse.fr\/annuaires\/wp-json\/wp\/v2\/posts\/6793","targetHints":{"allow":["GET"]}}],"collection":[{"href":"https:\/\/www.lesmaconsdelacreuse.fr\/annuaires\/wp-json\/wp\/v2\/posts"}],"about":[{"href":"https:\/\/www.lesmaconsdelacreuse.fr\/annuaires\/wp-json\/wp\/v2\/types\/post"}],"author":[{"embeddable":true,"href":"https:\/\/www.lesmaconsdelacreuse.fr\/annuaires\/wp-json\/wp\/v2\/users\/6"}],"replies":[{"embeddable":true,"href":"https:\/\/www.lesmaconsdelacreuse.fr\/annuaires\/wp-json\/wp\/v2\/comments?post=6793"}],"version-history":[{"count":0,"href":"https:\/\/www.lesmaconsdelacreuse.fr\/annuaires\/wp-json\/wp\/v2\/posts\/6793\/revisions"}],"wp:attachment":[{"href":"https:\/\/www.lesmaconsdelacreuse.fr\/annuaires\/wp-json\/wp\/v2\/media?parent=6793"}],"wp:term":[{"taxonomy":"category","embeddable":true,"href":"https:\/\/www.lesmaconsdelacreuse.fr\/annuaires\/wp-json\/wp\/v2\/categories?post=6793"},{"taxonomy":"post_tag","embeddable":true,"href":"https:\/\/www.lesmaconsdelacreuse.fr\/annuaires\/wp-json\/wp\/v2\/tags?post=6793"}],"curies":[{"name":"wp","href":"https:\/\/api.w.org\/{rel}","templated":true}]}}