{"id":6798,"date":"2019-07-28T13:40:11","date_gmt":"2019-07-28T11:40:11","guid":{"rendered":"http:\/\/lesmaconsdelacreuse.fr\/annuaire\/?p=6798"},"modified":"2020-10-04T11:06:06","modified_gmt":"2020-10-04T09:06:06","slug":"l_769","status":"publish","type":"post","link":"https:\/\/www.lesmaconsdelacreuse.fr\/annuaires\/lettre-l\/l_769\/","title":{"rendered":"LEBRAUD Fran\u00e7ois (1870-1952)"},"content":{"rendered":"<p class=\"last-updated\"><strong>Mis \u00e0 jour le :<\/strong> 28\/04\/2026<\/p><h2 style=\"text-align: center;\"><strong>Fran\u00e7ois LEBRAUD<\/strong><\/h2>\n<p style=\"text-align: center;\"><strong>1870 \u2013 1952<\/strong><\/p>\n<p style=\"text-align: center;\"><img decoding=\"async\" title=\"\" src=\"https:\/\/lesmaconsdelacreuse.fr\/annuaire\/wp-content\/uploads\/2019\/07\/image1-1715.jpg\" alt=\"\" data-source-id=\"i.0\" data-asset-id=\"6795\" \/><\/p>\n<h4 style=\"text-align: center;\"><span style=\"color: #008000;\"><strong>ma\u00e7on <\/strong>puis<strong> entrepreneur en fumisterie<\/strong><\/span><\/h4>\n<p>&nbsp;<\/p>\n<p style=\"text-align: center;\">n\u00e9 \u00e0 Masgrangeas (Roy\u00e8re)<\/p>\n<p style=\"text-align: center;\">le 9 octobre 1870<\/p>\n<p style=\"text-align: center;\">fils de<\/p>\n<p style=\"text-align: center;\">Antoine LEBRAUD, <span style=\"color: #008000;\"><strong>ma\u00e7on<\/strong><\/span><\/p>\n<p style=\"text-align: center;\">Marie LEPAYSAN, cultivatrice<\/p>\n<p style=\"text-align: center;\"><span style=\"color: #ffffff;\">\u25d9<\/span><\/p>\n<p><strong>En 1891<\/strong><em>, Fran\u00e7ois, <\/em><span style=\"color: #008000;\"><strong>ma\u00e7on<\/strong><\/span><em>, travaille dans le <\/em><span style=\"color: #0000ff;\"><strong>Rh\u00f4ne (69)<\/strong><\/span><em> et y passe le conseil de r\u00e9vision. Il est ajourn\u00e9 de service militaire pour faiblesse.<\/em><\/p>\n<p>D\u00e9but <strong>1898<\/strong><em>, il est \u00e0 <\/em><span style=\"color: #0000ff;\"><strong>Ch\u00e2teauneuf (16)<\/strong><\/span><em>.<\/em><\/p>\n<p><em>Il \u00e9pouse Marguerite Eug\u00e9nie <\/em><strong>LAVAL<\/strong><em> le 12 novembre de la m\u00eame ann\u00e9e \u00e0 <\/em><strong><span style=\"color: #0000ff;\">Annay-sur-Serein<\/span><\/strong> <strong><span style=\"color: #0000ff;\">(89)<\/span>\u00a0<\/strong><em>; il est maintenant <\/em><span style=\"color: #008000;\"><strong>entrepreneur en fumisterie<\/strong><\/span><em> \u00e0 Annay (contrat Ferrand \u00e0 Noyers \u2013 89)<\/em><\/p>\n<p><em>Les \u00e9poux y habitent.<\/em><\/p>\n<p><em>Fran\u00e7ois y d\u00e9c\u00e8de le 2 janvier <\/em><strong>1952<\/strong><em>, \u00e2g\u00e9 de 81 ans. <\/em><\/p>\n<p>&nbsp;<\/p>\n","protected":false},"excerpt":{"rendered":"<p>Mis \u00e0 jour le : 28\/04\/2026Fran\u00e7ois LEBRAUD 1870 \u2013 1952 ma\u00e7on puis entrepreneur en fumisterie &nbsp; n\u00e9 \u00e0 Masgrangeas (Roy\u00e8re) le 9 octobre 1870 fils de Antoine LEBRAUD, ma\u00e7on Marie LEPAYSAN, cultivatrice \u25d9 En 1891, Fran\u00e7ois, ma\u00e7on, travaille dans le Rh\u00f4ne (69) et y passe le conseil de r\u00e9vision. Il est ajourn\u00e9 de service militaire ..<\/p>\n<div class=\"clear-fix\"><\/div>\n<p><a href=\"https:\/\/www.lesmaconsdelacreuse.fr\/annuaires\/lettre-l\/l_769\/\" title=\"Lire la suite...\">Lire la suite<\/a><\/p>\n","protected":false},"author":6,"featured_media":0,"comment_status":"closed","ping_status":"closed","sticky":false,"template":"","format":"standard","meta":{"_acf_changed":false,"_exactmetrics_skip_tracking":false,"_exactmetrics_sitenote_active":false,"_exactmetrics_sitenote_note":"","_exactmetrics_sitenote_category":0,"footnotes":""},"categories":[19],"tags":[],"class_list":["post-6798","post","type-post","status-publish","format-standard","hentry","category-lettre-l"],"acf":[],"_links":{"self":[{"href":"https:\/\/www.lesmaconsdelacreuse.fr\/annuaires\/wp-json\/wp\/v2\/posts\/6798","targetHints":{"allow":["GET"]}}],"collection":[{"href":"https:\/\/www.lesmaconsdelacreuse.fr\/annuaires\/wp-json\/wp\/v2\/posts"}],"about":[{"href":"https:\/\/www.lesmaconsdelacreuse.fr\/annuaires\/wp-json\/wp\/v2\/types\/post"}],"author":[{"embeddable":true,"href":"https:\/\/www.lesmaconsdelacreuse.fr\/annuaires\/wp-json\/wp\/v2\/users\/6"}],"replies":[{"embeddable":true,"href":"https:\/\/www.lesmaconsdelacreuse.fr\/annuaires\/wp-json\/wp\/v2\/comments?post=6798"}],"version-history":[{"count":0,"href":"https:\/\/www.lesmaconsdelacreuse.fr\/annuaires\/wp-json\/wp\/v2\/posts\/6798\/revisions"}],"wp:attachment":[{"href":"https:\/\/www.lesmaconsdelacreuse.fr\/annuaires\/wp-json\/wp\/v2\/media?parent=6798"}],"wp:term":[{"taxonomy":"category","embeddable":true,"href":"https:\/\/www.lesmaconsdelacreuse.fr\/annuaires\/wp-json\/wp\/v2\/categories?post=6798"},{"taxonomy":"post_tag","embeddable":true,"href":"https:\/\/www.lesmaconsdelacreuse.fr\/annuaires\/wp-json\/wp\/v2\/tags?post=6798"}],"curies":[{"name":"wp","href":"https:\/\/api.w.org\/{rel}","templated":true}]}}