{"id":6803,"date":"2019-07-28T13:40:10","date_gmt":"2019-07-28T11:40:10","guid":{"rendered":"http:\/\/lesmaconsdelacreuse.fr\/annuaire\/?p=6803"},"modified":"2020-01-20T11:27:46","modified_gmt":"2020-01-20T10:27:46","slug":"l_717","status":"publish","type":"post","link":"https:\/\/www.lesmaconsdelacreuse.fr\/annuaires\/lettre-l\/l_717\/","title":{"rendered":"LEBLANC Philippe (1704-1775)"},"content":{"rendered":"<p class=\"last-updated\"><strong>Mis \u00e0 jour le :<\/strong> 28\/04\/2026<\/p><h2 style=\"text-align: center;\"><strong> Philippe LEBLANC<\/strong><\/h2>\n<p style=\"text-align: center;\"><strong> 1704 \u2013 1775<\/strong><\/p>\n<p style=\"text-align: center;\"><strong> <img decoding=\"async\" title=\"\" src=\"https:\/\/lesmaconsdelacreuse.fr\/annuaire\/wp-content\/uploads\/2019\/07\/image1-1716.jpg\" alt=\"\" data-source-id=\"i.0\" data-asset-id=\"6799\" \/><\/strong><\/p>\n<h4 style=\"text-align: center;\"><span style=\"color: #008000;\"><strong> ma\u00e7on <\/strong>et<strong> laboureur<\/strong><\/span><\/h4>\n<p style=\"text-align: center;\">n\u00e9 \u00e0 Grandjanon (Saint-Pierre-le-Bost)<\/p>\n<p style=\"text-align: center;\">le 19 septembre 1704<\/p>\n<p style=\"text-align: center;\">fils de<\/p>\n<p style=\"text-align: center;\">L\u00e9onard LEBLANC \/ L\u00e9onarde MARGERIDON<\/p>\n<p style=\"text-align: center;\"><span style=\"color: #ffffff;\">\u25d9<\/span><\/p>\n<p><em>Philippe \u00e9pouse Marie <\/em><strong>GIRAUDON<\/strong><em> le 28 janvier <\/em><strong>1731<\/strong><em> \u00e0 Saint-Pierre-le-Bost (contrat Delavergne au Monteil-au-Vicomte). Ils habitent Grandjanon.<\/em><\/p>\n<p><em> Marie y d\u00e9c\u00e8de le 30 septembre <\/em><strong>1769<\/strong><em>, \u00e2g\u00e9e de 60 ans environ.<\/em><\/p>\n<p><em>Philippe se remarie le 4 juin <\/em><strong>1771<\/strong><em> \u00e0 Saint-Pierre avec L\u00e9onarde <\/em><strong>MEAUME <\/strong><em>(contrat Coutisson \u00e0 Roy\u00e8re).<\/em><\/p>\n<p><em>Il d\u00e9c\u00e8de \u00e0 Grandjanon le 23 d\u00e9cembre <\/em><strong>1775<\/strong><em>, \u00e2g\u00e9 de 71 ans.<\/em><\/p>\n","protected":false},"excerpt":{"rendered":"<p>Mis \u00e0 jour le : 28\/04\/2026 Philippe LEBLANC 1704 \u2013 1775 ma\u00e7on et laboureur n\u00e9 \u00e0 Grandjanon (Saint-Pierre-le-Bost) le 19 septembre 1704 fils de L\u00e9onard LEBLANC \/ L\u00e9onarde MARGERIDON \u25d9 Philippe \u00e9pouse Marie GIRAUDON le 28 janvier 1731 \u00e0 Saint-Pierre-le-Bost (contrat Delavergne au Monteil-au-Vicomte). Ils habitent Grandjanon. Marie y d\u00e9c\u00e8de le 30 septembre 1769, \u00e2g\u00e9e ..<\/p>\n<div class=\"clear-fix\"><\/div>\n<p><a href=\"https:\/\/www.lesmaconsdelacreuse.fr\/annuaires\/lettre-l\/l_717\/\" title=\"Lire la suite...\">Lire la suite<\/a><\/p>\n","protected":false},"author":6,"featured_media":0,"comment_status":"closed","ping_status":"closed","sticky":false,"template":"","format":"standard","meta":{"_acf_changed":false,"_exactmetrics_skip_tracking":false,"_exactmetrics_sitenote_active":false,"_exactmetrics_sitenote_note":"","_exactmetrics_sitenote_category":0,"footnotes":""},"categories":[19],"tags":[],"class_list":["post-6803","post","type-post","status-publish","format-standard","hentry","category-lettre-l"],"acf":[],"_links":{"self":[{"href":"https:\/\/www.lesmaconsdelacreuse.fr\/annuaires\/wp-json\/wp\/v2\/posts\/6803","targetHints":{"allow":["GET"]}}],"collection":[{"href":"https:\/\/www.lesmaconsdelacreuse.fr\/annuaires\/wp-json\/wp\/v2\/posts"}],"about":[{"href":"https:\/\/www.lesmaconsdelacreuse.fr\/annuaires\/wp-json\/wp\/v2\/types\/post"}],"author":[{"embeddable":true,"href":"https:\/\/www.lesmaconsdelacreuse.fr\/annuaires\/wp-json\/wp\/v2\/users\/6"}],"replies":[{"embeddable":true,"href":"https:\/\/www.lesmaconsdelacreuse.fr\/annuaires\/wp-json\/wp\/v2\/comments?post=6803"}],"version-history":[{"count":0,"href":"https:\/\/www.lesmaconsdelacreuse.fr\/annuaires\/wp-json\/wp\/v2\/posts\/6803\/revisions"}],"wp:attachment":[{"href":"https:\/\/www.lesmaconsdelacreuse.fr\/annuaires\/wp-json\/wp\/v2\/media?parent=6803"}],"wp:term":[{"taxonomy":"category","embeddable":true,"href":"https:\/\/www.lesmaconsdelacreuse.fr\/annuaires\/wp-json\/wp\/v2\/categories?post=6803"},{"taxonomy":"post_tag","embeddable":true,"href":"https:\/\/www.lesmaconsdelacreuse.fr\/annuaires\/wp-json\/wp\/v2\/tags?post=6803"}],"curies":[{"name":"wp","href":"https:\/\/api.w.org\/{rel}","templated":true}]}}