{"id":6813,"date":"2019-07-28T13:40:10","date_gmt":"2019-07-28T11:40:10","guid":{"rendered":"http:\/\/lesmaconsdelacreuse.fr\/annuaire\/?p=6813"},"modified":"2022-04-10T13:35:14","modified_gmt":"2022-04-10T11:35:14","slug":"l_766","status":"publish","type":"post","link":"https:\/\/www.lesmaconsdelacreuse.fr\/annuaires\/lettre-l\/l_766\/","title":{"rendered":"LEBRAUD Fran\u00e7ois (1836-1914)"},"content":{"rendered":"<p class=\"last-updated\"><strong>Mis \u00e0 jour le :<\/strong> 28\/04\/2026<\/p><h2 style=\"text-align: center;\"><strong>Fran\u00e7ois LEBRAUD<\/strong><\/h2>\n<p style=\"text-align: center;\"><strong>1836 \u2013 1914<\/strong><\/p>\n<p style=\"text-align: center;\"><img decoding=\"async\" title=\"\" src=\"https:\/\/lesmaconsdelacreuse.fr\/annuaire\/wp-content\/uploads\/2019\/07\/image1-1720.jpg\" alt=\"\" data-source-id=\"i.0\" data-asset-id=\"6810\" \/><\/p>\n<h4 style=\"text-align: center;\"><span style=\"color: #008000;\"><strong>ma\u00e7on<\/strong> et<strong> cultivateur<\/strong><\/span><\/h4>\n<p style=\"text-align: center;\">n\u00e9 \u00e0 Arfeuille (Roy\u00e8re)<\/p>\n<p style=\"text-align: center;\">le 28 juillet 1836<\/p>\n<p style=\"text-align: center;\">fils de<\/p>\n<p style=\"text-align: center;\">Louis LEBRAUD, <span style=\"color: #008000;\"><strong>ma\u00e7on<\/strong><\/span><\/p>\n<p style=\"text-align: center;\">Fran\u00e7oise CHAROT, cultivatrice<\/p>\n<p style=\"text-align: center;\"><span style=\"color: #ffffff;\">\u25d9<\/span><\/p>\n<p><strong>En 1857<\/strong><em>, Fran\u00e7ois est dispens\u00e9 de service militaire comme fils a\u00een\u00e9 de veuve.<\/em><\/p>\n<p><em>Il \u00e9pouse Marie <\/em><strong>CHENAUD<\/strong><em> le 22 f\u00e9vrier <\/em><strong>1858<\/strong><em> \u00e0 Roy\u00e8re. <\/em><em>Ils habitent Prugnolas, m\u00eame commune.<\/em><\/p>\n<p><em>\u00a0<\/em><em>Marie d\u00e9c\u00e8de \u00e0 Andaleix, m\u00eame commune, le 2 ao\u00fbt <\/em><strong>1912<\/strong><em>, \u00e2g\u00e9e de 76 ans<\/em><\/p>\n<p><strong>\u00a0En 1914<\/strong><em>, Fran\u00e7ois habite <\/em><span style=\"color: #0000ff;\"><strong>Villeurbanne (69)<\/strong><\/span><em>, rue Panissod. <\/em><\/p>\n<p><em>\u00a0<\/em><em>Il y d\u00e9c\u00e8de le 13 novembre de la m\u00eame ann\u00e9e, \u00e2g\u00e9 de 78 ans<\/em><\/p>\n","protected":false},"excerpt":{"rendered":"<p>Mis \u00e0 jour le : 28\/04\/2026Fran\u00e7ois LEBRAUD 1836 \u2013 1914 ma\u00e7on et cultivateur n\u00e9 \u00e0 Arfeuille (Roy\u00e8re) le 28 juillet 1836 fils de Louis LEBRAUD, ma\u00e7on Fran\u00e7oise CHAROT, cultivatrice \u25d9 En 1857, Fran\u00e7ois est dispens\u00e9 de service militaire comme fils a\u00een\u00e9 de veuve. Il \u00e9pouse Marie CHENAUD le 22 f\u00e9vrier 1858 \u00e0 Roy\u00e8re. Ils habitent ..<\/p>\n<div class=\"clear-fix\"><\/div>\n<p><a href=\"https:\/\/www.lesmaconsdelacreuse.fr\/annuaires\/lettre-l\/l_766\/\" title=\"Lire la suite...\">Lire la suite<\/a><\/p>\n","protected":false},"author":6,"featured_media":0,"comment_status":"closed","ping_status":"closed","sticky":false,"template":"","format":"standard","meta":{"_acf_changed":false,"_exactmetrics_skip_tracking":false,"_exactmetrics_sitenote_active":false,"_exactmetrics_sitenote_note":"","_exactmetrics_sitenote_category":0,"footnotes":""},"categories":[19],"tags":[],"class_list":["post-6813","post","type-post","status-publish","format-standard","hentry","category-lettre-l"],"acf":[],"_links":{"self":[{"href":"https:\/\/www.lesmaconsdelacreuse.fr\/annuaires\/wp-json\/wp\/v2\/posts\/6813","targetHints":{"allow":["GET"]}}],"collection":[{"href":"https:\/\/www.lesmaconsdelacreuse.fr\/annuaires\/wp-json\/wp\/v2\/posts"}],"about":[{"href":"https:\/\/www.lesmaconsdelacreuse.fr\/annuaires\/wp-json\/wp\/v2\/types\/post"}],"author":[{"embeddable":true,"href":"https:\/\/www.lesmaconsdelacreuse.fr\/annuaires\/wp-json\/wp\/v2\/users\/6"}],"replies":[{"embeddable":true,"href":"https:\/\/www.lesmaconsdelacreuse.fr\/annuaires\/wp-json\/wp\/v2\/comments?post=6813"}],"version-history":[{"count":2,"href":"https:\/\/www.lesmaconsdelacreuse.fr\/annuaires\/wp-json\/wp\/v2\/posts\/6813\/revisions"}],"predecessor-version":[{"id":197354,"href":"https:\/\/www.lesmaconsdelacreuse.fr\/annuaires\/wp-json\/wp\/v2\/posts\/6813\/revisions\/197354"}],"wp:attachment":[{"href":"https:\/\/www.lesmaconsdelacreuse.fr\/annuaires\/wp-json\/wp\/v2\/media?parent=6813"}],"wp:term":[{"taxonomy":"category","embeddable":true,"href":"https:\/\/www.lesmaconsdelacreuse.fr\/annuaires\/wp-json\/wp\/v2\/categories?post=6813"},{"taxonomy":"post_tag","embeddable":true,"href":"https:\/\/www.lesmaconsdelacreuse.fr\/annuaires\/wp-json\/wp\/v2\/tags?post=6813"}],"curies":[{"name":"wp","href":"https:\/\/api.w.org\/{rel}","templated":true}]}}