{"id":6819,"date":"2019-07-28T13:40:09","date_gmt":"2019-07-28T11:40:09","guid":{"rendered":"http:\/\/lesmaconsdelacreuse.fr\/annuaire\/?p=6819"},"modified":"2022-05-05T16:25:21","modified_gmt":"2022-05-05T14:25:21","slug":"l_723","status":"publish","type":"post","link":"https:\/\/www.lesmaconsdelacreuse.fr\/annuaires\/lettre-l\/l_723\/","title":{"rendered":"LEBLANC Pierre (1854-1919)"},"content":{"rendered":"<p class=\"last-updated\"><strong>Mis \u00e0 jour le :<\/strong> 28\/04\/2026<\/p><h2 style=\"text-align: center;\"><strong>Pierre LEBLANC<\/strong><\/h2>\n<p style=\"text-align: center;\"><strong>1854 \u2013 1919<\/strong><\/p>\n<p style=\"text-align: center;\"><img decoding=\"async\" title=\"\" src=\"https:\/\/lesmaconsdelacreuse.fr\/annuaire\/wp-content\/uploads\/2019\/07\/image1-102.png\" alt=\"\" data-source-id=\"i.0\" data-asset-id=\"6815\" \/><\/p>\n<h4 style=\"text-align: center;\"><span style=\"color: #008000;\"><strong>ma\u00e7on<\/strong><\/span><\/h4>\n<p style=\"text-align: center;\">n\u00e9 au Chassagnoux (Saint-Martin-Ch\u00e2teau)<\/p>\n<p style=\"text-align: center;\">le 18 novembre 1854<\/p>\n<p style=\"text-align: center;\">fils de<\/p>\n<p style=\"text-align: center;\">L\u00e9onard LEBLANC, <span style=\"color: #008000;\"><strong>ma\u00e7on <\/strong><\/span><strong>\/ <\/strong>Jeanne LENOIR<\/p>\n<p style=\"text-align: center;\">propri\u00e9taires cultivateurs<\/p>\n<p style=\"text-align: center;\"><span style=\"color: #ffffff;\">\u25d9<\/span><\/p>\n<p><strong>En 1880<\/strong><em>, Pierre travaille \u00e0 <\/em><span style=\"color: #0000ff;\"><strong>Oullins (69)<\/strong><\/span><em>, et loge 19 rue Dumont.<\/em><\/p>\n<p><em> Il y \u00e9pouse Marie <\/em><strong>DOURIAUX<\/strong><em>, couturi\u00e8re, le 13 novembre de la m\u00eame ann\u00e9e (contrat Gony \u00e0 Saint-Genis-Laval).<\/em><\/p>\n<p><em>Ils vivent d\u2019abord \u00e0 Oullins. <\/em><\/p>\n<p><strong>\u00a0En 1889 et 1907<\/strong><em>, ils sont \u00e0 <\/em><strong><span style=\"color: #0000ff;\">Orli\u00e9nas (69)<\/span>.<\/strong><\/p>\n<p><em>Ils d\u00e9c\u00e8dent\u00a0:<\/em><\/p>\n<ul>\n<li><em>Pierre \u00e0 Orli\u00e9nas, le 6 septembre <\/em><strong>1919<\/strong><em>, \u00e2g\u00e9 de 64 ans<\/em><\/li>\n<li><em>Marie \u00e0 Albigny-sur-Sa\u00f4ne (69), le 24 ao\u00fbt <\/em><strong>1926<\/strong><em>, \u00e2g\u00e9 de 63 ans<\/em><\/li>\n<\/ul>\n","protected":false},"excerpt":{"rendered":"<p>Mis \u00e0 jour le : 28\/04\/2026Pierre LEBLANC 1854 \u2013 1919 ma\u00e7on n\u00e9 au Chassagnoux (Saint-Martin-Ch\u00e2teau) le 18 novembre 1854 fils de L\u00e9onard LEBLANC, ma\u00e7on \/ Jeanne LENOIR propri\u00e9taires cultivateurs \u25d9 En 1880, Pierre travaille \u00e0 Oullins (69), et loge 19 rue Dumont. Il y \u00e9pouse Marie DOURIAUX, couturi\u00e8re, le 13 novembre de la m\u00eame ann\u00e9e ..<\/p>\n<div class=\"clear-fix\"><\/div>\n<p><a href=\"https:\/\/www.lesmaconsdelacreuse.fr\/annuaires\/lettre-l\/l_723\/\" title=\"Lire la suite...\">Lire la suite<\/a><\/p>\n","protected":false},"author":6,"featured_media":0,"comment_status":"closed","ping_status":"closed","sticky":false,"template":"","format":"standard","meta":{"_acf_changed":false,"_exactmetrics_skip_tracking":false,"_exactmetrics_sitenote_active":false,"_exactmetrics_sitenote_note":"","_exactmetrics_sitenote_category":0,"footnotes":""},"categories":[19],"tags":[],"class_list":["post-6819","post","type-post","status-publish","format-standard","hentry","category-lettre-l"],"acf":[],"_links":{"self":[{"href":"https:\/\/www.lesmaconsdelacreuse.fr\/annuaires\/wp-json\/wp\/v2\/posts\/6819","targetHints":{"allow":["GET"]}}],"collection":[{"href":"https:\/\/www.lesmaconsdelacreuse.fr\/annuaires\/wp-json\/wp\/v2\/posts"}],"about":[{"href":"https:\/\/www.lesmaconsdelacreuse.fr\/annuaires\/wp-json\/wp\/v2\/types\/post"}],"author":[{"embeddable":true,"href":"https:\/\/www.lesmaconsdelacreuse.fr\/annuaires\/wp-json\/wp\/v2\/users\/6"}],"replies":[{"embeddable":true,"href":"https:\/\/www.lesmaconsdelacreuse.fr\/annuaires\/wp-json\/wp\/v2\/comments?post=6819"}],"version-history":[{"count":3,"href":"https:\/\/www.lesmaconsdelacreuse.fr\/annuaires\/wp-json\/wp\/v2\/posts\/6819\/revisions"}],"predecessor-version":[{"id":198776,"href":"https:\/\/www.lesmaconsdelacreuse.fr\/annuaires\/wp-json\/wp\/v2\/posts\/6819\/revisions\/198776"}],"wp:attachment":[{"href":"https:\/\/www.lesmaconsdelacreuse.fr\/annuaires\/wp-json\/wp\/v2\/media?parent=6819"}],"wp:term":[{"taxonomy":"category","embeddable":true,"href":"https:\/\/www.lesmaconsdelacreuse.fr\/annuaires\/wp-json\/wp\/v2\/categories?post=6819"},{"taxonomy":"post_tag","embeddable":true,"href":"https:\/\/www.lesmaconsdelacreuse.fr\/annuaires\/wp-json\/wp\/v2\/tags?post=6819"}],"curies":[{"name":"wp","href":"https:\/\/api.w.org\/{rel}","templated":true}]}}