{"id":6822,"date":"2019-07-28T13:40:08","date_gmt":"2019-07-28T11:40:08","guid":{"rendered":"http:\/\/lesmaconsdelacreuse.fr\/annuaire\/?p=6822"},"modified":"2020-01-20T11:27:48","modified_gmt":"2020-01-20T10:27:48","slug":"l_730","status":"publish","type":"post","link":"https:\/\/www.lesmaconsdelacreuse.fr\/annuaires\/lettre-l\/l_730\/","title":{"rendered":"LEBOST Eug\u00e8ne (1864-1945)"},"content":{"rendered":"<p class=\"last-updated\"><strong>Mis \u00e0 jour le :<\/strong> 28\/04\/2026<\/p><h2 style=\"text-align: center;\"><strong>Eug\u00e8ne LEBOST<\/strong><\/h2>\n<p style=\"text-align: center;\"><strong>1864 \u2013 1945<\/strong><\/p>\n<p style=\"text-align: center;\"><img loading=\"lazy\" decoding=\"async\" class=\"\" title=\"\" src=\"https:\/\/lesmaconsdelacreuse.fr\/annuaire\/wp-content\/uploads\/2019\/07\/image1-1722.jpg\" alt=\"\" width=\"353\" height=\"135\" data-source-id=\"i.0\" data-asset-id=\"6817\" \/><\/p>\n<h4 style=\"text-align: center;\"><span style=\"color: #008000;\"><strong>ma\u00e7on <\/strong>et <strong>propri\u00e9taire cultivateur<\/strong><\/span><\/h4>\n<p style=\"text-align: center;\">n\u00e9 \u00e0 Soumeix (Roy\u00e8re)<\/p>\n<p style=\"text-align: center;\">le 25 septembre 1864<\/p>\n<p style=\"text-align: center;\">fils de<\/p>\n<p style=\"text-align: center;\">Jean LEBOST, <span style=\"color: #008000;\"><strong>ma\u00e7on <\/strong><\/span><strong>\/ <\/strong>Marie MEAUME<\/p>\n<p style=\"text-align: center;\">propri\u00e9taires cultivateurs<\/p>\n<p style=\"text-align: center;\"><span style=\"color: #ffffff;\">\u25d9<\/span><\/p>\n<p><strong>En 1885<\/strong><em>, Eug\u00e8ne est dispens\u00e9 de service militaire, comme fils unique de veuve.<\/em><\/p>\n<p><em>Il \u00e9pouse Jeanne <\/em><strong>BUCHENAUD<\/strong><em> le 22 mars <\/em><strong>1888 <\/strong><em>\u00e0 Faux-la-Montagne (contrat Gioux). <\/em><\/p>\n<p><em>Il travaille \u00e0 <\/em><span style=\"color: #0000ff;\"><strong>Paris (75)<\/strong><\/span><em> et loge\u00a0:<\/em><\/p>\n<p><strong>en 1889<\/strong><em>, 54, rue du Poteau;<\/em><\/p>\n<p><strong>en 1890 et 1891<\/strong><em>, rue Ang\u00e9lique Compoint;<\/em><\/p>\n<p><strong>en 1891 et 1894<\/strong><em>, 11, rue du Banquier;<\/em><\/p>\n<p><strong>en 1895<\/strong><em>, 5, rue de l\u2019Assomption. <\/em><\/p>\n<p><strong>En 1897<\/strong><em>, il est \u00e0 <\/em><span style=\"color: #0000ff;\"><strong>Neuilly-sur-Marne (93)<\/strong><\/span><em>, 10, rue Gambetta.<\/em><\/p>\n<p><strong>En 1899 et 1900<\/strong><em>, le couple est \u00e0 Paris et habite 17, rue Dum\u00e9ril, 13e arrondissement.<\/em><\/p>\n<p>D\u00e8s 1920<em>, ils sont retir\u00e9s \u00e0 Soumeix, et y d\u00e9c\u00e8dent\u00a0:<\/em><\/p>\n<ul>\n<li><em> Eug\u00e8ne, le 7 juillet <\/em><strong>1945<\/strong><em>, \u00e2g\u00e9 de 80 ans<\/em><\/li>\n<li><em> Jeanne, le 28 avril <\/em><strong>1947<\/strong><em>, \u00e2g\u00e9e de 77 ans<\/em><\/li>\n<\/ul>\n","protected":false},"excerpt":{"rendered":"<p>Mis \u00e0 jour le : 28\/04\/2026Eug\u00e8ne LEBOST 1864 \u2013 1945 ma\u00e7on et propri\u00e9taire cultivateur n\u00e9 \u00e0 Soumeix (Roy\u00e8re) le 25 septembre 1864 fils de Jean LEBOST, ma\u00e7on \/ Marie MEAUME propri\u00e9taires cultivateurs \u25d9 En 1885, Eug\u00e8ne est dispens\u00e9 de service militaire, comme fils unique de veuve. Il \u00e9pouse Jeanne BUCHENAUD le 22 mars 1888 \u00e0 ..<\/p>\n<div class=\"clear-fix\"><\/div>\n<p><a href=\"https:\/\/www.lesmaconsdelacreuse.fr\/annuaires\/lettre-l\/l_730\/\" title=\"Lire la suite...\">Lire la suite<\/a><\/p>\n","protected":false},"author":6,"featured_media":0,"comment_status":"closed","ping_status":"closed","sticky":false,"template":"","format":"standard","meta":{"_acf_changed":false,"_exactmetrics_skip_tracking":false,"_exactmetrics_sitenote_active":false,"_exactmetrics_sitenote_note":"","_exactmetrics_sitenote_category":0,"footnotes":""},"categories":[19],"tags":[],"class_list":["post-6822","post","type-post","status-publish","format-standard","hentry","category-lettre-l"],"acf":[],"_links":{"self":[{"href":"https:\/\/www.lesmaconsdelacreuse.fr\/annuaires\/wp-json\/wp\/v2\/posts\/6822","targetHints":{"allow":["GET"]}}],"collection":[{"href":"https:\/\/www.lesmaconsdelacreuse.fr\/annuaires\/wp-json\/wp\/v2\/posts"}],"about":[{"href":"https:\/\/www.lesmaconsdelacreuse.fr\/annuaires\/wp-json\/wp\/v2\/types\/post"}],"author":[{"embeddable":true,"href":"https:\/\/www.lesmaconsdelacreuse.fr\/annuaires\/wp-json\/wp\/v2\/users\/6"}],"replies":[{"embeddable":true,"href":"https:\/\/www.lesmaconsdelacreuse.fr\/annuaires\/wp-json\/wp\/v2\/comments?post=6822"}],"version-history":[{"count":0,"href":"https:\/\/www.lesmaconsdelacreuse.fr\/annuaires\/wp-json\/wp\/v2\/posts\/6822\/revisions"}],"wp:attachment":[{"href":"https:\/\/www.lesmaconsdelacreuse.fr\/annuaires\/wp-json\/wp\/v2\/media?parent=6822"}],"wp:term":[{"taxonomy":"category","embeddable":true,"href":"https:\/\/www.lesmaconsdelacreuse.fr\/annuaires\/wp-json\/wp\/v2\/categories?post=6822"},{"taxonomy":"post_tag","embeddable":true,"href":"https:\/\/www.lesmaconsdelacreuse.fr\/annuaires\/wp-json\/wp\/v2\/tags?post=6822"}],"curies":[{"name":"wp","href":"https:\/\/api.w.org\/{rel}","templated":true}]}}