{"id":6823,"date":"2019-07-28T13:40:08","date_gmt":"2019-07-28T11:40:08","guid":{"rendered":"http:\/\/lesmaconsdelacreuse.fr\/annuaire\/?p=6823"},"modified":"2020-09-29T11:02:13","modified_gmt":"2020-09-29T09:02:13","slug":"l_748","status":"publish","type":"post","link":"https:\/\/www.lesmaconsdelacreuse.fr\/annuaires\/lettre-l\/l_748\/","title":{"rendered":"LEBRAUD Antoine (1829-apr\u00e8s 1871)"},"content":{"rendered":"<p class=\"last-updated\"><strong>Mis \u00e0 jour le :<\/strong> 28\/04\/2026<\/p><h2 style=\"text-align: center;\"><strong>Antoine LEBRAUD<\/strong><\/h2>\n<p style=\"text-align: center;\"><strong>1829 \u2013 apr\u00e8s 1871<\/strong><\/p>\n<p style=\"text-align: center;\"><img decoding=\"async\" title=\"\" src=\"https:\/\/lesmaconsdelacreuse.fr\/annuaire\/wp-content\/uploads\/2019\/07\/image1-1723.jpg\" alt=\"\" data-source-id=\"i.0\" data-asset-id=\"6818\" \/><\/p>\n<h4 style=\"text-align: center;\"><span style=\"color: #008000;\"><strong>ma\u00e7on<\/strong><\/span><\/h4>\n<p>&nbsp;<\/p>\n<p style=\"text-align: center;\">n\u00e9 \u00e0 Arpeix (Roy\u00e8re)<\/p>\n<p style=\"text-align: center;\">le 4 mars 1829<\/p>\n<p style=\"text-align: center;\">fils de<\/p>\n<p style=\"text-align: center;\">L\u00e9onard LEBRAUD \/ \u00a0Jeanne CL\u00c9MENT<\/p>\n<p style=\"text-align: center;\">cultivateurs<\/p>\n<p style=\"text-align: center;\"><span style=\"color: #ffffff;\">\u25d9<\/span><\/p>\n<p><strong>En 1850, 1851 et 1853<\/strong><em> , sans domicile fixe \u00e0 <\/em><span style=\"color: #0000ff;\"><strong>Lyon (69)<\/strong><\/span><em>, Antoine est incarc\u00e9r\u00e9 dans les \u25ba<a href=\"https:\/\/www.lesmaconsdelacreuse.fr\/annuaires\/wp-content\/uploads\/2020\/08\/PRISON-SAINT-PAUL.png\" target=\"_blank\" rel=\"noopener noreferrer\">prisons Saint-Paul<\/a> et <a href=\"https:\/\/www.lesmaconsdelacreuse.fr\/annuaires\/\/wp-content\/uploads\/LEXIQUE\/PRISON_SAINT-JOSEPH.pdf\" target=\"_blank\" rel=\"noopener noreferrer\">\u25ba<\/a><a href=\"https:\/\/www.lesmaconsdelacreuse.fr\/annuaires\/wp-content\/uploads\/2020\/07\/PRISON-SAINT-JOSEPH.png\" target=\"_blank\" rel=\"noopener noreferrer\">Saint-Joseph<\/a> pour \u25ba<a href=\"https:\/\/www.lesmaconsdelacreuse.fr\/annuaires\/wp-content\/uploads\/2020\/08\/VAGABONDAGE.png\" target=\"_blank\" rel=\"noopener noreferrer\">vagabondage<\/a> et vol.<\/em><\/p>\n<p><em>Il \u00e9pouse Marie <\/em><strong>LELARGE<\/strong><em> le 15 septembre <\/em><strong>1864<\/strong><em> \u00e0 Roy\u00e8re (mari\u00e9s sans contrat). Ils habitent Le Picq, m\u00eame commune.<\/em><\/p>\n<p><em>Marie d\u00e9c\u00e8de \u00e0 Haute-Faye, aussi commune de Roy\u00e8re, le 6 ao\u00fbt <\/em><strong>1868<\/strong><em>, \u00e2g\u00e9e de 26 ans. <\/em><\/p>\n<p><em>Antoine se remarie le 31 d\u00e9cembre de la m\u00eame ann\u00e9e avec Marie <\/em><strong>BEZAUD<\/strong><em> (mari\u00e9s sans contrat). <\/em><\/p>\n<p><em>Marie d\u00e9c\u00e8de au Leyris le 28 ao\u00fbt <\/em><strong>1871<\/strong><em>, \u00e2g\u00e9e de 25 ans.<\/em><\/p>\n<p>&nbsp;<\/p>\n","protected":false},"excerpt":{"rendered":"<p>Mis \u00e0 jour le : 28\/04\/2026Antoine LEBRAUD 1829 \u2013 apr\u00e8s 1871 ma\u00e7on &nbsp; n\u00e9 \u00e0 Arpeix (Roy\u00e8re) le 4 mars 1829 fils de L\u00e9onard LEBRAUD \/ \u00a0Jeanne CL\u00c9MENT cultivateurs \u25d9 En 1850, 1851 et 1853 , sans domicile fixe \u00e0 Lyon (69), Antoine est incarc\u00e9r\u00e9 dans les \u25baprisons Saint-Paul et \u25baSaint-Joseph pour \u25bavagabondage et vol. ..<\/p>\n<div class=\"clear-fix\"><\/div>\n<p><a href=\"https:\/\/www.lesmaconsdelacreuse.fr\/annuaires\/lettre-l\/l_748\/\" title=\"Lire la suite...\">Lire la suite<\/a><\/p>\n","protected":false},"author":6,"featured_media":0,"comment_status":"closed","ping_status":"closed","sticky":false,"template":"","format":"standard","meta":{"_acf_changed":false,"_exactmetrics_skip_tracking":false,"_exactmetrics_sitenote_active":false,"_exactmetrics_sitenote_note":"","_exactmetrics_sitenote_category":0,"footnotes":""},"categories":[19],"tags":[],"class_list":["post-6823","post","type-post","status-publish","format-standard","hentry","category-lettre-l"],"acf":[],"_links":{"self":[{"href":"https:\/\/www.lesmaconsdelacreuse.fr\/annuaires\/wp-json\/wp\/v2\/posts\/6823","targetHints":{"allow":["GET"]}}],"collection":[{"href":"https:\/\/www.lesmaconsdelacreuse.fr\/annuaires\/wp-json\/wp\/v2\/posts"}],"about":[{"href":"https:\/\/www.lesmaconsdelacreuse.fr\/annuaires\/wp-json\/wp\/v2\/types\/post"}],"author":[{"embeddable":true,"href":"https:\/\/www.lesmaconsdelacreuse.fr\/annuaires\/wp-json\/wp\/v2\/users\/6"}],"replies":[{"embeddable":true,"href":"https:\/\/www.lesmaconsdelacreuse.fr\/annuaires\/wp-json\/wp\/v2\/comments?post=6823"}],"version-history":[{"count":0,"href":"https:\/\/www.lesmaconsdelacreuse.fr\/annuaires\/wp-json\/wp\/v2\/posts\/6823\/revisions"}],"wp:attachment":[{"href":"https:\/\/www.lesmaconsdelacreuse.fr\/annuaires\/wp-json\/wp\/v2\/media?parent=6823"}],"wp:term":[{"taxonomy":"category","embeddable":true,"href":"https:\/\/www.lesmaconsdelacreuse.fr\/annuaires\/wp-json\/wp\/v2\/categories?post=6823"},{"taxonomy":"post_tag","embeddable":true,"href":"https:\/\/www.lesmaconsdelacreuse.fr\/annuaires\/wp-json\/wp\/v2\/tags?post=6823"}],"curies":[{"name":"wp","href":"https:\/\/api.w.org\/{rel}","templated":true}]}}