{"id":6824,"date":"2019-07-28T13:40:09","date_gmt":"2019-07-28T11:40:09","guid":{"rendered":"http:\/\/lesmaconsdelacreuse.fr\/annuaire\/?p=6824"},"modified":"2020-01-20T11:27:46","modified_gmt":"2020-01-20T10:27:46","slug":"l_725","status":"publish","type":"post","link":"https:\/\/www.lesmaconsdelacreuse.fr\/annuaires\/lettre-l\/l_725\/","title":{"rendered":"LEBLANC Pierre (1857-1893)"},"content":{"rendered":"<p class=\"last-updated\"><strong>Mis \u00e0 jour le :<\/strong> 28\/04\/2026<\/p><h2 style=\"text-align: center;\"><strong>Pierre LEBLANC<\/strong><\/h2>\n<p style=\"text-align: center;\"><strong>1857 \u2013 1893<\/strong><\/p>\n<p style=\"text-align: center;\"><img decoding=\"async\" title=\"\" src=\"https:\/\/lesmaconsdelacreuse.fr\/annuaire\/wp-content\/uploads\/2019\/07\/image1-1724.jpg\" alt=\"\" data-source-id=\"i.0\" data-asset-id=\"6820\" \/><\/p>\n<h4 style=\"text-align: center;\"><span style=\"color: #008000;\"><strong>ma\u00e7on<\/strong><\/span><\/h4>\n<p style=\"text-align: center;\">n\u00e9 \u00e0 Rieublanc (Morterolles)<\/p>\n<p style=\"text-align: center;\">le 24 juin 1857<\/p>\n<p style=\"text-align: center;\">fils de<\/p>\n<p style=\"text-align: center;\">Fran\u00e7ois LEBLANC, <span style=\"color: #008000;\"><strong>ma\u00e7on <\/strong><\/span><strong>\/ <\/strong>Anne GERMOUTY<\/p>\n<p style=\"text-align: center;\">propri\u00e9taires cultivateurs<\/p>\n<p style=\"text-align: center;\"><span style=\"color: #ffffff;\">\u25d9<\/span><\/p>\n<p><strong>En 1878<\/strong><em>, Pierre travaille dans le <\/em><span style=\"color: #0000ff;\"><strong>Rh\u00f4ne <\/strong><\/span><em>et y passe le conseil de r\u00e9vision. Il est dispens\u00e9 de service militaire, ayant un fr\u00e8re sous les drapeaux.<\/em><\/p>\n<p><em>A une \u00e9poque, il habite <\/em><span style=\"color: #0000ff;\"><strong>Lyon (69)<\/strong><\/span><em> 10, rue du B\u0153uf.<\/em><\/p>\n<p><em>Il \u00e9pouse Augustine <\/em><strong>JOFFRE<\/strong><em> le 14 f\u00e9vrier<\/em> <strong>1885<\/strong> <em>\u00e0 Soubrebost <\/em>(<em>contrat Bonenfant \u00e0 Bourganeuf). Ils habitent Rieublanc. <\/em><\/p>\n<p><strong>En 1886<\/strong><em>, Pierre travaille \u00e0 Lyon, et loge 50, rue Thomassin.<\/em><\/p>\n<p><em> Il d\u00e9c\u00e8de \u00e0 Rieublanc le 20 octobre <\/em><strong>1893<\/strong>,<em> \u00e2g\u00e9 de 36 ans.<\/em><\/p>\n","protected":false},"excerpt":{"rendered":"<p>Mis \u00e0 jour le : 28\/04\/2026Pierre LEBLANC 1857 \u2013 1893 ma\u00e7on n\u00e9 \u00e0 Rieublanc (Morterolles) le 24 juin 1857 fils de Fran\u00e7ois LEBLANC, ma\u00e7on \/ Anne GERMOUTY propri\u00e9taires cultivateurs \u25d9 En 1878, Pierre travaille dans le Rh\u00f4ne et y passe le conseil de r\u00e9vision. Il est dispens\u00e9 de service militaire, ayant un fr\u00e8re sous les ..<\/p>\n<div class=\"clear-fix\"><\/div>\n<p><a href=\"https:\/\/www.lesmaconsdelacreuse.fr\/annuaires\/lettre-l\/l_725\/\" title=\"Lire la suite...\">Lire la suite<\/a><\/p>\n","protected":false},"author":6,"featured_media":0,"comment_status":"closed","ping_status":"closed","sticky":false,"template":"","format":"standard","meta":{"_acf_changed":false,"_exactmetrics_skip_tracking":false,"_exactmetrics_sitenote_active":false,"_exactmetrics_sitenote_note":"","_exactmetrics_sitenote_category":0,"footnotes":""},"categories":[19],"tags":[],"class_list":["post-6824","post","type-post","status-publish","format-standard","hentry","category-lettre-l"],"acf":[],"_links":{"self":[{"href":"https:\/\/www.lesmaconsdelacreuse.fr\/annuaires\/wp-json\/wp\/v2\/posts\/6824","targetHints":{"allow":["GET"]}}],"collection":[{"href":"https:\/\/www.lesmaconsdelacreuse.fr\/annuaires\/wp-json\/wp\/v2\/posts"}],"about":[{"href":"https:\/\/www.lesmaconsdelacreuse.fr\/annuaires\/wp-json\/wp\/v2\/types\/post"}],"author":[{"embeddable":true,"href":"https:\/\/www.lesmaconsdelacreuse.fr\/annuaires\/wp-json\/wp\/v2\/users\/6"}],"replies":[{"embeddable":true,"href":"https:\/\/www.lesmaconsdelacreuse.fr\/annuaires\/wp-json\/wp\/v2\/comments?post=6824"}],"version-history":[{"count":0,"href":"https:\/\/www.lesmaconsdelacreuse.fr\/annuaires\/wp-json\/wp\/v2\/posts\/6824\/revisions"}],"wp:attachment":[{"href":"https:\/\/www.lesmaconsdelacreuse.fr\/annuaires\/wp-json\/wp\/v2\/media?parent=6824"}],"wp:term":[{"taxonomy":"category","embeddable":true,"href":"https:\/\/www.lesmaconsdelacreuse.fr\/annuaires\/wp-json\/wp\/v2\/categories?post=6824"},{"taxonomy":"post_tag","embeddable":true,"href":"https:\/\/www.lesmaconsdelacreuse.fr\/annuaires\/wp-json\/wp\/v2\/tags?post=6824"}],"curies":[{"name":"wp","href":"https:\/\/api.w.org\/{rel}","templated":true}]}}