{"id":6831,"date":"2019-07-28T13:40:07","date_gmt":"2019-07-28T11:40:07","guid":{"rendered":"http:\/\/lesmaconsdelacreuse.fr\/annuaire\/?p=6831"},"modified":"2020-01-20T11:27:49","modified_gmt":"2020-01-20T10:27:49","slug":"l_776","status":"publish","type":"post","link":"https:\/\/www.lesmaconsdelacreuse.fr\/annuaires\/lettre-l\/l_776\/","title":{"rendered":"LEBRAUD Gabriel (1812-apr\u00e8s 1887)"},"content":{"rendered":"<p class=\"last-updated\"><strong>Mis \u00e0 jour le :<\/strong> 28\/04\/2026<\/p><h2 style=\"text-align: center;\"><strong>Gabriel LEBRAUD<\/strong><\/h2>\n<p style=\"text-align: center;\"><strong>1812 \u2013 apr\u00e8s 1887<\/strong><\/p>\n<p style=\"text-align: center;\"><img decoding=\"async\" title=\"\" src=\"https:\/\/lesmaconsdelacreuse.fr\/annuaire\/wp-content\/uploads\/2019\/07\/image1-1727.jpg\" alt=\"\" data-source-id=\"i.0\" data-asset-id=\"6828\" \/><\/p>\n<h4 style=\"text-align: center;\"><span style=\"color: #008000;\"><strong>ma\u00e7on <\/strong>et <strong>propri\u00e9taire cultivateur<\/strong><\/span><\/h4>\n<p style=\"text-align: center;\">n\u00e9 \u00e0 Masgrangeas (Roy\u00e8re)<\/p>\n<p style=\"text-align: center;\">le 27 d\u00e9cembre 1812<\/p>\n<p style=\"text-align: center;\">fils de<\/p>\n<p style=\"text-align: center;\">Annet LEBRAUD, <span style=\"color: #008000;\"><strong>ma\u00e7on <\/strong><\/span><strong>\/ <\/strong>Anne FAURE<\/p>\n<p style=\"text-align: center;\">propri\u00e9taires cultivateurs<\/p>\n<p style=\"text-align: center;\"><span style=\"color: #ffffff;\">\u25d9<\/span><\/p>\n<p><em>Gabriel \u00e9pouse L\u00e9onarde <\/em><strong>NOTTE<\/strong><em> le 10 f\u00e9vrier <\/em><strong>1834<\/strong><em> \u00e0 Roy\u00e8re (contrat Toumieux).<\/em><\/p>\n<p><strong>En 1885<\/strong><em><strong>,<\/strong> il travaille \u00e0 <\/em><span style=\"color: #0000ff;\"><strong>Lyon (69)<\/strong><\/span><em>. <\/em><\/p>\n<p><em>L\u00e9onarde d\u00e9c\u00e8de \u00e0 Masgrangeas le 27 septembre <\/em><strong>1887<\/strong><em>, \u00e2g\u00e9e de 72 ans. <\/em><\/p>\n","protected":false},"excerpt":{"rendered":"<p>Mis \u00e0 jour le : 28\/04\/2026Gabriel LEBRAUD 1812 \u2013 apr\u00e8s 1887 ma\u00e7on et propri\u00e9taire cultivateur n\u00e9 \u00e0 Masgrangeas (Roy\u00e8re) le 27 d\u00e9cembre 1812 fils de Annet LEBRAUD, ma\u00e7on \/ Anne FAURE propri\u00e9taires cultivateurs \u25d9 Gabriel \u00e9pouse L\u00e9onarde NOTTE le 10 f\u00e9vrier 1834 \u00e0 Roy\u00e8re (contrat Toumieux). En 1885, il travaille \u00e0 Lyon (69). L\u00e9onarde d\u00e9c\u00e8de ..<\/p>\n<div class=\"clear-fix\"><\/div>\n<p><a href=\"https:\/\/www.lesmaconsdelacreuse.fr\/annuaires\/lettre-l\/l_776\/\" title=\"Lire la suite...\">Lire la suite<\/a><\/p>\n","protected":false},"author":6,"featured_media":0,"comment_status":"closed","ping_status":"closed","sticky":false,"template":"","format":"standard","meta":{"_acf_changed":false,"_exactmetrics_skip_tracking":false,"_exactmetrics_sitenote_active":false,"_exactmetrics_sitenote_note":"","_exactmetrics_sitenote_category":0,"footnotes":""},"categories":[19],"tags":[],"class_list":["post-6831","post","type-post","status-publish","format-standard","hentry","category-lettre-l"],"acf":[],"_links":{"self":[{"href":"https:\/\/www.lesmaconsdelacreuse.fr\/annuaires\/wp-json\/wp\/v2\/posts\/6831","targetHints":{"allow":["GET"]}}],"collection":[{"href":"https:\/\/www.lesmaconsdelacreuse.fr\/annuaires\/wp-json\/wp\/v2\/posts"}],"about":[{"href":"https:\/\/www.lesmaconsdelacreuse.fr\/annuaires\/wp-json\/wp\/v2\/types\/post"}],"author":[{"embeddable":true,"href":"https:\/\/www.lesmaconsdelacreuse.fr\/annuaires\/wp-json\/wp\/v2\/users\/6"}],"replies":[{"embeddable":true,"href":"https:\/\/www.lesmaconsdelacreuse.fr\/annuaires\/wp-json\/wp\/v2\/comments?post=6831"}],"version-history":[{"count":0,"href":"https:\/\/www.lesmaconsdelacreuse.fr\/annuaires\/wp-json\/wp\/v2\/posts\/6831\/revisions"}],"wp:attachment":[{"href":"https:\/\/www.lesmaconsdelacreuse.fr\/annuaires\/wp-json\/wp\/v2\/media?parent=6831"}],"wp:term":[{"taxonomy":"category","embeddable":true,"href":"https:\/\/www.lesmaconsdelacreuse.fr\/annuaires\/wp-json\/wp\/v2\/categories?post=6831"},{"taxonomy":"post_tag","embeddable":true,"href":"https:\/\/www.lesmaconsdelacreuse.fr\/annuaires\/wp-json\/wp\/v2\/tags?post=6831"}],"curies":[{"name":"wp","href":"https:\/\/api.w.org\/{rel}","templated":true}]}}