{"id":6841,"date":"2019-07-28T13:40:06","date_gmt":"2019-07-28T11:40:06","guid":{"rendered":"http:\/\/lesmaconsdelacreuse.fr\/annuaire\/?p=6841"},"modified":"2020-01-20T11:27:49","modified_gmt":"2020-01-20T10:27:49","slug":"l_734","status":"publish","type":"post","link":"https:\/\/www.lesmaconsdelacreuse.fr\/annuaires\/lettre-l\/l_734\/","title":{"rendered":"LEBOST L\u00e9onard (1808-1873)"},"content":{"rendered":"<p class=\"last-updated\"><strong>Mis \u00e0 jour le :<\/strong> 28\/04\/2026<\/p><h2 style=\"text-align: center;\"><strong>L\u00e9onard LEBOST<\/strong><\/h2>\n<p style=\"text-align: center;\"><strong>1808 \u2013 1873<\/strong><\/p>\n<p style=\"text-align: center;\"><img decoding=\"async\" title=\"\" src=\"https:\/\/lesmaconsdelacreuse.fr\/annuaire\/wp-content\/uploads\/2019\/07\/image1-1731.jpg\" alt=\"\" data-source-id=\"i.0\" data-asset-id=\"6838\" \/><\/p>\n<h4 style=\"text-align: center;\"><span style=\"color: #008000;\"><strong>ma\u00e7on<\/strong><\/span><\/h4>\n<p style=\"text-align: center;\">n\u00e9 \u00e0 Jeansanetas (Roy\u00e8re)<\/p>\n<p style=\"text-align: center;\">le 29 mai 1808<\/p>\n<p style=\"text-align: center;\">fils de<\/p>\n<p style=\"text-align: center;\">L\u00e9onard LEBOST \/ Jeanne N\u00c9OLIER<\/p>\n<p style=\"text-align: center;\">propri\u00e9taires cultivateurs<\/p>\n<p style=\"text-align: center;\"><span style=\"color: #ffffff;\">\u25d9<\/span><\/p>\n<p><em>L\u00e9onard \u00e9pouse Anne <\/em><strong>COUTISSON<\/strong><em> le 28 f\u00e9vrier <\/em><strong>1832<\/strong><em> \u00e0 Gentioux (contrat B\u00e9nassy). Ils habitent Jeansanetas.<\/em><\/p>\n<p><em>Anne y d\u00e9c\u00e8de le 22 f\u00e9vrier <\/em><strong>1843<\/strong>,<em> \u00e2g\u00e9e de 29 ans. <\/em><\/p>\n<p><em>L\u00e9onard se remarie le 17 mars <\/em><strong>1844<\/strong><em> \u00e0 Roy\u00e8re avec L\u00e9onarde <\/em><strong>N\u00c9OLIER<\/strong><em> (contrat Toumieux). Ils habitent \u00e9galement Jeansanetas.<\/em><\/p>\n<p><strong>En 1871<\/strong><em>, L\u00e9onard travaille \u00e0 <\/em><span style=\"color: #0000ff;\"><strong>Cuire (69)<\/strong><\/span><em>.<\/em><\/p>\n<p><em>Les \u00e9poux d\u00e9c\u00e8dent\u00a0:<\/em><\/p>\n<ul>\n<li><em>L\u00e9onard, \u00e0 Jeansanetas, le 9 janvier <\/em><strong>1873<\/strong><em>, \u00e2g\u00e9 de 64 ans<\/em><\/li>\n<li><em>L\u00e9onarde, au bourg de Morterolles, le 2 ao\u00fbt <\/em><strong>1902<\/strong><em>, \u00e2g\u00e9e de 77 ans<\/em><\/li>\n<\/ul>\n","protected":false},"excerpt":{"rendered":"<p>Mis \u00e0 jour le : 28\/04\/2026L\u00e9onard LEBOST 1808 \u2013 1873 ma\u00e7on n\u00e9 \u00e0 Jeansanetas (Roy\u00e8re) le 29 mai 1808 fils de L\u00e9onard LEBOST \/ Jeanne N\u00c9OLIER propri\u00e9taires cultivateurs \u25d9 L\u00e9onard \u00e9pouse Anne COUTISSON le 28 f\u00e9vrier 1832 \u00e0 Gentioux (contrat B\u00e9nassy). Ils habitent Jeansanetas. Anne y d\u00e9c\u00e8de le 22 f\u00e9vrier 1843, \u00e2g\u00e9e de 29 ans. ..<\/p>\n<div class=\"clear-fix\"><\/div>\n<p><a href=\"https:\/\/www.lesmaconsdelacreuse.fr\/annuaires\/lettre-l\/l_734\/\" title=\"Lire la suite...\">Lire la suite<\/a><\/p>\n","protected":false},"author":6,"featured_media":0,"comment_status":"closed","ping_status":"closed","sticky":false,"template":"","format":"standard","meta":{"_acf_changed":false,"_exactmetrics_skip_tracking":false,"_exactmetrics_sitenote_active":false,"_exactmetrics_sitenote_note":"","_exactmetrics_sitenote_category":0,"footnotes":""},"categories":[19],"tags":[],"class_list":["post-6841","post","type-post","status-publish","format-standard","hentry","category-lettre-l"],"acf":[],"_links":{"self":[{"href":"https:\/\/www.lesmaconsdelacreuse.fr\/annuaires\/wp-json\/wp\/v2\/posts\/6841","targetHints":{"allow":["GET"]}}],"collection":[{"href":"https:\/\/www.lesmaconsdelacreuse.fr\/annuaires\/wp-json\/wp\/v2\/posts"}],"about":[{"href":"https:\/\/www.lesmaconsdelacreuse.fr\/annuaires\/wp-json\/wp\/v2\/types\/post"}],"author":[{"embeddable":true,"href":"https:\/\/www.lesmaconsdelacreuse.fr\/annuaires\/wp-json\/wp\/v2\/users\/6"}],"replies":[{"embeddable":true,"href":"https:\/\/www.lesmaconsdelacreuse.fr\/annuaires\/wp-json\/wp\/v2\/comments?post=6841"}],"version-history":[{"count":0,"href":"https:\/\/www.lesmaconsdelacreuse.fr\/annuaires\/wp-json\/wp\/v2\/posts\/6841\/revisions"}],"wp:attachment":[{"href":"https:\/\/www.lesmaconsdelacreuse.fr\/annuaires\/wp-json\/wp\/v2\/media?parent=6841"}],"wp:term":[{"taxonomy":"category","embeddable":true,"href":"https:\/\/www.lesmaconsdelacreuse.fr\/annuaires\/wp-json\/wp\/v2\/categories?post=6841"},{"taxonomy":"post_tag","embeddable":true,"href":"https:\/\/www.lesmaconsdelacreuse.fr\/annuaires\/wp-json\/wp\/v2\/tags?post=6841"}],"curies":[{"name":"wp","href":"https:\/\/api.w.org\/{rel}","templated":true}]}}