{"id":6845,"date":"2019-07-28T13:40:01","date_gmt":"2019-07-28T11:40:01","guid":{"rendered":"http:\/\/lesmaconsdelacreuse.fr\/annuaire\/?p=6845"},"modified":"2020-01-20T11:27:50","modified_gmt":"2020-01-20T10:27:50","slug":"l_778","status":"publish","type":"post","link":"https:\/\/www.lesmaconsdelacreuse.fr\/annuaires\/lettre-l\/l_778\/","title":{"rendered":"LEBRAUD Gabriel (1861-1906)"},"content":{"rendered":"<p class=\"last-updated\"><strong>Mis \u00e0 jour le :<\/strong> 28\/04\/2026<\/p><h2 style=\"text-align: center;\"><span style=\"color: #000000;\"><strong>Gabriel LEBRAUD<\/strong><\/span><\/h2>\n<p style=\"text-align: center;\"><strong>1861 \u2013 1906<\/strong><\/p>\n<p style=\"text-align: center;\"><img decoding=\"async\" title=\"\" src=\"https:\/\/lesmaconsdelacreuse.fr\/annuaire\/wp-content\/uploads\/2019\/07\/image1-1733.jpg\" alt=\"\" data-source-id=\"i.0\" data-asset-id=\"6843\" \/><\/p>\n<h4 style=\"text-align: center;\"><span style=\"color: #008000;\"><strong>ma\u00e7on<\/strong><\/span><\/h4>\n<p style=\"text-align: center;\">n\u00e9 au Leyris (Roy\u00e8re)<\/p>\n<p style=\"text-align: center;\">le 16 octobre 1861<\/p>\n<p style=\"text-align: center;\">fils de<\/p>\n<p style=\"text-align: center;\">Alexis LEBRAUD, <span style=\"color: #008000;\"><strong>ma\u00e7on <\/strong><\/span>et<strong> <span style=\"color: #008000;\">tailleur de pierre<\/span><\/strong><\/p>\n<p style=\"text-align: center;\">Marie SAUTOUR, cultivatrice<\/p>\n<p style=\"text-align: center;\"><span style=\"color: #ffffff;\">\u25d9<\/span><\/p>\n<p><strong>En 1882<\/strong><em>, Gabriel est r\u00e9form\u00e9 pour probl\u00e8mes aux yeux.<\/em><\/p>\n<p><em>Il \u00e9pouse Marie <\/em><strong>DUBAYLE<\/strong><em> le 25 f\u00e9vrier <\/em><strong>1884<\/strong><em> \u00e0 Roy\u00e8re (contrat Magadoux \u00e0 Saint-Martin-Ch\u00e2teau). Ils habitent Le Leyris.<\/em><\/p>\n<p><em> Marie y d\u00e9c\u00e8de le 24 janvier <\/em><strong>1901<\/strong><em>, \u00e2g\u00e9e de 32 ans. <\/em><\/p>\n<p><em>Gabriel se remarie le 11 avril <\/em><strong>1903<\/strong><em> \u00e0 <\/em><span style=\"color: #0000ff;\"><strong>Clichy (92)<\/strong><\/span><em> avec M\u00e9lanie <\/em><strong>VIGON<\/strong><em> native de Saint-Moreil. <\/em><\/p>\n<p><em>La m\u00eame ann\u00e9e, les \u00e9poux habitent <\/em><span style=\"color: #0000ff;\"><strong>Paris (75)<\/strong><\/span><em> 18e arrondissement.<\/em><\/p>\n<p><em>Gabriel d\u00e9c\u00e8de au Kremlin-Bic\u00eatre le 25 septembre <\/em><strong>1906<\/strong><em>, \u00e2g\u00e9 de 44 ans.<\/em><\/p>\n","protected":false},"excerpt":{"rendered":"<p>Mis \u00e0 jour le : 28\/04\/2026Gabriel LEBRAUD 1861 \u2013 1906 ma\u00e7on n\u00e9 au Leyris (Roy\u00e8re) le 16 octobre 1861 fils de Alexis LEBRAUD, ma\u00e7on et tailleur de pierre Marie SAUTOUR, cultivatrice \u25d9 En 1882, Gabriel est r\u00e9form\u00e9 pour probl\u00e8mes aux yeux. Il \u00e9pouse Marie DUBAYLE le 25 f\u00e9vrier 1884 \u00e0 Roy\u00e8re (contrat Magadoux \u00e0 Saint-Martin-Ch\u00e2teau). ..<\/p>\n<div class=\"clear-fix\"><\/div>\n<p><a href=\"https:\/\/www.lesmaconsdelacreuse.fr\/annuaires\/lettre-l\/l_778\/\" title=\"Lire la suite...\">Lire la suite<\/a><\/p>\n","protected":false},"author":6,"featured_media":0,"comment_status":"closed","ping_status":"closed","sticky":false,"template":"","format":"standard","meta":{"_acf_changed":false,"_exactmetrics_skip_tracking":false,"_exactmetrics_sitenote_active":false,"_exactmetrics_sitenote_note":"","_exactmetrics_sitenote_category":0,"footnotes":""},"categories":[19],"tags":[],"class_list":["post-6845","post","type-post","status-publish","format-standard","hentry","category-lettre-l"],"acf":[],"_links":{"self":[{"href":"https:\/\/www.lesmaconsdelacreuse.fr\/annuaires\/wp-json\/wp\/v2\/posts\/6845","targetHints":{"allow":["GET"]}}],"collection":[{"href":"https:\/\/www.lesmaconsdelacreuse.fr\/annuaires\/wp-json\/wp\/v2\/posts"}],"about":[{"href":"https:\/\/www.lesmaconsdelacreuse.fr\/annuaires\/wp-json\/wp\/v2\/types\/post"}],"author":[{"embeddable":true,"href":"https:\/\/www.lesmaconsdelacreuse.fr\/annuaires\/wp-json\/wp\/v2\/users\/6"}],"replies":[{"embeddable":true,"href":"https:\/\/www.lesmaconsdelacreuse.fr\/annuaires\/wp-json\/wp\/v2\/comments?post=6845"}],"version-history":[{"count":0,"href":"https:\/\/www.lesmaconsdelacreuse.fr\/annuaires\/wp-json\/wp\/v2\/posts\/6845\/revisions"}],"wp:attachment":[{"href":"https:\/\/www.lesmaconsdelacreuse.fr\/annuaires\/wp-json\/wp\/v2\/media?parent=6845"}],"wp:term":[{"taxonomy":"category","embeddable":true,"href":"https:\/\/www.lesmaconsdelacreuse.fr\/annuaires\/wp-json\/wp\/v2\/categories?post=6845"},{"taxonomy":"post_tag","embeddable":true,"href":"https:\/\/www.lesmaconsdelacreuse.fr\/annuaires\/wp-json\/wp\/v2\/tags?post=6845"}],"curies":[{"name":"wp","href":"https:\/\/api.w.org\/{rel}","templated":true}]}}