{"id":6846,"date":"2019-07-28T13:40:02","date_gmt":"2019-07-28T11:40:02","guid":{"rendered":"http:\/\/lesmaconsdelacreuse.fr\/annuaire\/?p=6846"},"modified":"2020-09-30T14:34:20","modified_gmt":"2020-09-30T12:34:20","slug":"l_755","status":"publish","type":"post","link":"https:\/\/www.lesmaconsdelacreuse.fr\/annuaires\/lettre-l\/l_755\/","title":{"rendered":"LEBRAUD Baptiste (1815-1891)"},"content":{"rendered":"<p class=\"last-updated\"><strong>Mis \u00e0 jour le :<\/strong> 28\/04\/2026<\/p><h2 style=\"text-align: center;\"><strong>Baptiste LEBRAUD<\/strong><\/h2>\n<p style=\"text-align: center;\"><strong>Jean-Baptiste LEBRAUD<\/strong><\/p>\n<p style=\"text-align: center;\"><strong>1815 \u2013 1891<\/strong><\/p>\n<p style=\"text-align: center;\"><img loading=\"lazy\" decoding=\"async\" class=\"\" title=\"\" src=\"https:\/\/lesmaconsdelacreuse.fr\/annuaire\/wp-content\/uploads\/2019\/07\/image1-1734.jpg\" alt=\"\" width=\"266\" height=\"216\" data-source-id=\"i.0\" data-asset-id=\"6844\" \/><\/p>\n<h4 style=\"text-align: center;\"><span style=\"color: #008000;\"><strong>ma\u00e7on<\/strong><\/span><\/h4>\n<p>&nbsp;<\/p>\n<p style=\"text-align: center;\">n\u00e9 \u00e0 Masgrangeas (Roy\u00e8re)<\/p>\n<p style=\"text-align: center;\">le 21 mai 1815<\/p>\n<p style=\"text-align: center;\">fils de<\/p>\n<p style=\"text-align: center;\">Pierre LEBRAUD \/ Marguerite LEBRAUD<\/p>\n<p style=\"text-align: center;\">propri\u00e9taires cultivateurs<\/p>\n<p style=\"text-align: center;\"><span style=\"color: #ffffff;\">\u25d9<\/span><\/p>\n<p><strong>En 1835<\/strong><em>, Baptiste travaille \u00e0 <\/em><span style=\"color: #0000ff;\"><strong>Lyon (69)<\/strong><\/span><em>.<\/em><\/p>\n<p><strong>En 1843<\/strong><em>, il loge rue de la Reine.<\/em><\/p>\n<p><em> Il y \u00e9pouse le 15 juillet de la m\u00eame ann\u00e9e Catherine <\/em><strong>RODIER<\/strong><em>, tailleuse native de l\u2019Is\u00e8re.<\/em><\/p>\n<p>\u25ba<span style=\"color: #000000;\"><strong><a style=\"color: #000000;\" href=\"https:\/\/www.lesmaconsdelacreuse.fr\/annuaires\/\/wp-content\/uploads\/DOCUMENTS\/1844_-_Baptiste_LEBRAUD_a_Lyon.pdf\" target=\"_blank\" rel=\"noopener noreferrer\">En 1844<\/a><\/strong><\/span><em>, ils habitent Quartier Saint-Just, rue de Trion\u00a0;<\/em><\/p>\n<p><strong>de 1849 \u00e0 1851<\/strong><em>, chez Boulanger, 118, rue Noire.<\/em><\/p>\n<p><strong>En 1852<\/strong><em>, ils sont \u00e0 <\/em><strong><span style=\"color: #0000ff;\">Vaulx-Milieu (38)<\/span>\u00a0<\/strong><em>;<\/em><\/p>\n<p><strong>en 1854<\/strong><em>, \u00e0 Lyon, rue Servient, 3e arrondissement\u00a0;<\/em><\/p>\n<p><strong>en 1857<\/strong><em>, 4, rue Bourgchanin\u00a0;<\/em><\/p>\n<p><strong>en\u00a01859<\/strong><em>, 17, rue Quatre Chapeaux\u00a0;<\/em><\/p>\n<p><strong>en 1865<\/strong><em>, 10, rue Bellecordi\u00e8re, 2e arrondissement.<\/em><\/p>\n<p><em>La m\u00eame ann\u00e9e, Baptiste fait une demande de \u25ba<a href=\"https:\/\/www.lesmaconsdelacreuse.fr\/annuaires\/wp-content\/uploads\/2019\/08\/LIVRET-OUVRIER.png\" target=\"_blank\" rel=\"noopener noreferrer\">livret d&rsquo;ouvrier<\/a> pour travailler chez Faufingue, 13, rue des remparts d\u2019 Ainay, Lyon 2e ; <\/em><\/p>\n<p><em>Catherine d\u00e9c\u00e8de \u00e0 Lyon 2e le 8 ao\u00fbt <\/em><strong>1872<\/strong><em>, \u00e2g\u00e9e de 52 ans environ. <\/em><\/p>\n<p><strong>En 1873<\/strong><em>, Baptiste habite rue Croix Jordan, 3e arrondissement.<\/em><\/p>\n<p><em>Il se remarie le 2 ao\u00fbt de la m\u00eame ann\u00e9e \u00e0 Lyon 3e avec Marie Julie <\/em><strong>PLANTIER<\/strong><em>, veuve n\u00e9e en Is\u00e8re (mari\u00e9s sans contrat)\u00a0.<\/em><\/p>\n<p><em>Marie Julie d\u00e9c\u00e8de le 30 novembre <\/em><strong>1879<\/strong> <em>\u00e0 Lyon 2e, \u00e2g\u00e9e de 56 ans. <\/em><\/p>\n<p><strong>En 1882<\/strong><em>, Baptiste habite 8, rue de la Thibaudi\u00e8re.<\/em><\/p>\n<p><em>Il \u00e9pouse le 14 mars de la m\u00eame ann\u00e9e \u00e0 Lyon 3e Mariette <\/em><strong>GR\u00c9GOIRE<\/strong><em>, veuve, garde-malades, n\u00e9e dans l\u2019Ain (mari\u00e9s sans contrat).<\/em><\/p>\n<p><strong>En 1891<\/strong>,<em> il habite 13, rue de l\u2019Hospice des Vieillards, 3e arrondissement.<\/em><\/p>\n<p><em> Il d\u00e9c\u00e8de \u00e0 cette adresse le 15 d\u00e9cembre de la m\u00eame ann\u00e9e, \u00e2g\u00e9 de 76 ans.<\/em><\/p>\n<p>&nbsp;<\/p>\n","protected":false},"excerpt":{"rendered":"<p>Mis \u00e0 jour le : 28\/04\/2026Baptiste LEBRAUD Jean-Baptiste LEBRAUD 1815 \u2013 1891 ma\u00e7on &nbsp; n\u00e9 \u00e0 Masgrangeas (Roy\u00e8re) le 21 mai 1815 fils de Pierre LEBRAUD \/ Marguerite LEBRAUD propri\u00e9taires cultivateurs \u25d9 En 1835, Baptiste travaille \u00e0 Lyon (69). En 1843, il loge rue de la Reine. Il y \u00e9pouse le 15 juillet de la ..<\/p>\n<div class=\"clear-fix\"><\/div>\n<p><a href=\"https:\/\/www.lesmaconsdelacreuse.fr\/annuaires\/lettre-l\/l_755\/\" title=\"Lire la suite...\">Lire la suite<\/a><\/p>\n","protected":false},"author":6,"featured_media":0,"comment_status":"closed","ping_status":"closed","sticky":false,"template":"","format":"standard","meta":{"_acf_changed":false,"_exactmetrics_skip_tracking":false,"_exactmetrics_sitenote_active":false,"_exactmetrics_sitenote_note":"","_exactmetrics_sitenote_category":0,"footnotes":""},"categories":[19],"tags":[],"class_list":["post-6846","post","type-post","status-publish","format-standard","hentry","category-lettre-l"],"acf":[],"_links":{"self":[{"href":"https:\/\/www.lesmaconsdelacreuse.fr\/annuaires\/wp-json\/wp\/v2\/posts\/6846","targetHints":{"allow":["GET"]}}],"collection":[{"href":"https:\/\/www.lesmaconsdelacreuse.fr\/annuaires\/wp-json\/wp\/v2\/posts"}],"about":[{"href":"https:\/\/www.lesmaconsdelacreuse.fr\/annuaires\/wp-json\/wp\/v2\/types\/post"}],"author":[{"embeddable":true,"href":"https:\/\/www.lesmaconsdelacreuse.fr\/annuaires\/wp-json\/wp\/v2\/users\/6"}],"replies":[{"embeddable":true,"href":"https:\/\/www.lesmaconsdelacreuse.fr\/annuaires\/wp-json\/wp\/v2\/comments?post=6846"}],"version-history":[{"count":0,"href":"https:\/\/www.lesmaconsdelacreuse.fr\/annuaires\/wp-json\/wp\/v2\/posts\/6846\/revisions"}],"wp:attachment":[{"href":"https:\/\/www.lesmaconsdelacreuse.fr\/annuaires\/wp-json\/wp\/v2\/media?parent=6846"}],"wp:term":[{"taxonomy":"category","embeddable":true,"href":"https:\/\/www.lesmaconsdelacreuse.fr\/annuaires\/wp-json\/wp\/v2\/categories?post=6846"},{"taxonomy":"post_tag","embeddable":true,"href":"https:\/\/www.lesmaconsdelacreuse.fr\/annuaires\/wp-json\/wp\/v2\/tags?post=6846"}],"curies":[{"name":"wp","href":"https:\/\/api.w.org\/{rel}","templated":true}]}}