{"id":6848,"date":"2019-07-28T13:40:02","date_gmt":"2019-07-28T11:40:02","guid":{"rendered":"http:\/\/lesmaconsdelacreuse.fr\/annuaire\/?p=6848"},"modified":"2020-10-11T14:56:48","modified_gmt":"2020-10-11T12:56:48","slug":"l_757","status":"publish","type":"post","link":"https:\/\/www.lesmaconsdelacreuse.fr\/annuaires\/lettre-l\/l_757\/","title":{"rendered":"LEBRAUD Barth\u00e9l\u00e9my (1739-1777)"},"content":{"rendered":"<p class=\"last-updated\"><strong>Mis \u00e0 jour le :<\/strong> 28\/04\/2026<\/p><h2 style=\"text-align: center;\"><strong>Barth\u00e9l\u00e9my LEBRAUD<\/strong><\/h2>\n<p style=\"text-align: center;\"><strong>1739 \u2013 1777<\/strong><\/p>\n<p style=\"text-align: center;\"><img decoding=\"async\" title=\"\" src=\"https:\/\/lesmaconsdelacreuse.fr\/annuaire\/wp-content\/uploads\/2019\/07\/image1-1735.jpg\" alt=\"\" data-source-id=\"i.0\" data-asset-id=\"6847\" \/><\/p>\n<h4 style=\"text-align: center;\"><span style=\"color: #008000;\"><strong>ma\u00e7on<\/strong>; <strong>laboureur <\/strong>et<strong> \u25ba<a href=\"https:\/\/www.lesmaconsdelacreuse.fr\/annuaires\/wp-content\/uploads\/2020\/08\/FERMIER-M\u00c9TAYER.png\" target=\"_blank\" rel=\"noopener noreferrer\"><span style=\"color: #008000;\">m\u00e9tayer<\/span><\/a><br \/>\n<\/strong><\/span><\/h4>\n<p>&nbsp;<\/p>\n<p style=\"text-align: center;\">n\u00e9 \u00e0 Masgrangeas (Roy\u00e8re)<\/p>\n<p style=\"text-align: center;\">le 6 septembre 1739<\/p>\n<p style=\"text-align: center;\">fils de<\/p>\n<p style=\"text-align: center;\">Barth\u00e9l\u00e9my LEBRAUD, <span style=\"color: #008000;\"><strong>ma\u00e7on <\/strong><\/span><strong>\/ <\/strong>Marguerite PICHON<\/p>\n<p style=\"text-align: center;\">laboureurs<\/p>\n<p style=\"text-align: center;\"><span style=\"color: #ffffff;\">\u25d9<\/span><\/p>\n<p><em>Barth\u00e9l\u00e9my \u00e9pouse Gabrielle <\/em><strong>M\u00c9SOUNIOUX <\/strong><em>le 7 janvier <\/em><strong>1760<\/strong><em> \u00e0 Roy\u00e8re. Ils habitent Masgrangeas.<\/em><\/p>\n<p><em>Gabrielle y d\u00e9c\u00e8de le 31 janvier <\/em><strong>1770<\/strong><em>, \u00e2g\u00e9e de 27 ans. <\/em><\/p>\n<p><em>Barth\u00e9l\u00e9my se remarie le 4 f\u00e9vrier <\/em><strong>1772<\/strong><em> \u00e0 Gentioux avec Anne <\/em><strong>CACAUD<\/strong><em> (contrat Coutisson).<\/em><\/p>\n<p><em> Ils habitent aussi Masgrangeas o\u00f9 d\u00e9c\u00e8de Barth\u00e9l\u00e9my, inhum\u00e9 le 14 juin <\/em><strong>1777<\/strong><em>, \u00e2g\u00e9 de 37 ans. <\/em><\/p>\n<p>&nbsp;<\/p>\n","protected":false},"excerpt":{"rendered":"<p>Mis \u00e0 jour le : 28\/04\/2026Barth\u00e9l\u00e9my LEBRAUD 1739 \u2013 1777 ma\u00e7on; laboureur et \u25bam\u00e9tayer &nbsp; n\u00e9 \u00e0 Masgrangeas (Roy\u00e8re) le 6 septembre 1739 fils de Barth\u00e9l\u00e9my LEBRAUD, ma\u00e7on \/ Marguerite PICHON laboureurs \u25d9 Barth\u00e9l\u00e9my \u00e9pouse Gabrielle M\u00c9SOUNIOUX le 7 janvier 1760 \u00e0 Roy\u00e8re. Ils habitent Masgrangeas. Gabrielle y d\u00e9c\u00e8de le 31 janvier 1770, \u00e2g\u00e9e de ..<\/p>\n<div class=\"clear-fix\"><\/div>\n<p><a href=\"https:\/\/www.lesmaconsdelacreuse.fr\/annuaires\/lettre-l\/l_757\/\" title=\"Lire la suite...\">Lire la suite<\/a><\/p>\n","protected":false},"author":6,"featured_media":0,"comment_status":"closed","ping_status":"closed","sticky":false,"template":"","format":"standard","meta":{"_acf_changed":false,"_exactmetrics_skip_tracking":false,"_exactmetrics_sitenote_active":false,"_exactmetrics_sitenote_note":"","_exactmetrics_sitenote_category":0,"footnotes":""},"categories":[19],"tags":[],"class_list":["post-6848","post","type-post","status-publish","format-standard","hentry","category-lettre-l"],"acf":[],"_links":{"self":[{"href":"https:\/\/www.lesmaconsdelacreuse.fr\/annuaires\/wp-json\/wp\/v2\/posts\/6848","targetHints":{"allow":["GET"]}}],"collection":[{"href":"https:\/\/www.lesmaconsdelacreuse.fr\/annuaires\/wp-json\/wp\/v2\/posts"}],"about":[{"href":"https:\/\/www.lesmaconsdelacreuse.fr\/annuaires\/wp-json\/wp\/v2\/types\/post"}],"author":[{"embeddable":true,"href":"https:\/\/www.lesmaconsdelacreuse.fr\/annuaires\/wp-json\/wp\/v2\/users\/6"}],"replies":[{"embeddable":true,"href":"https:\/\/www.lesmaconsdelacreuse.fr\/annuaires\/wp-json\/wp\/v2\/comments?post=6848"}],"version-history":[{"count":0,"href":"https:\/\/www.lesmaconsdelacreuse.fr\/annuaires\/wp-json\/wp\/v2\/posts\/6848\/revisions"}],"wp:attachment":[{"href":"https:\/\/www.lesmaconsdelacreuse.fr\/annuaires\/wp-json\/wp\/v2\/media?parent=6848"}],"wp:term":[{"taxonomy":"category","embeddable":true,"href":"https:\/\/www.lesmaconsdelacreuse.fr\/annuaires\/wp-json\/wp\/v2\/categories?post=6848"},{"taxonomy":"post_tag","embeddable":true,"href":"https:\/\/www.lesmaconsdelacreuse.fr\/annuaires\/wp-json\/wp\/v2\/tags?post=6848"}],"curies":[{"name":"wp","href":"https:\/\/api.w.org\/{rel}","templated":true}]}}