{"id":6854,"date":"2019-07-28T13:40:00","date_gmt":"2019-07-28T11:40:00","guid":{"rendered":"http:\/\/lesmaconsdelacreuse.fr\/annuaire\/?p=6854"},"modified":"2022-04-10T13:46:26","modified_gmt":"2022-04-10T11:46:26","slug":"l_768","status":"publish","type":"post","link":"https:\/\/www.lesmaconsdelacreuse.fr\/annuaires\/lettre-l\/l_768\/","title":{"rendered":"LEBRAUD Fran\u00e7ois (1864-1900)"},"content":{"rendered":"<p class=\"last-updated\"><strong>Mis \u00e0 jour le :<\/strong> 28\/04\/2026<\/p><h2 style=\"text-align: center;\"><strong>Fran\u00e7ois LEBRAUD<\/strong><\/h2>\n<p style=\"text-align: center;\"><strong>Fran\u00e7ois LEBRAUD l\u2019a\u00een\u00e9<\/strong><\/p>\n<p style=\"text-align: center;\"><strong>1864 \u2013 1900<\/strong><\/p>\n<p style=\"text-align: center;\"><img loading=\"lazy\" decoding=\"async\" class=\"\" title=\"\" src=\"https:\/\/lesmaconsdelacreuse.fr\/annuaire\/wp-content\/uploads\/2019\/07\/image1-1738.jpg\" alt=\"\" width=\"363\" height=\"108\" data-source-id=\"i.0\" data-asset-id=\"6852\" \/><\/p>\n<h4 style=\"text-align: center;\"><strong><span style=\"color: #008000;\">ma\u00e7on<\/span> <span style=\"color: #008000;\">et<\/span>\u00a0<em>\u25ba<a href=\"https:\/\/www.lesmaconsdelacreuse.fr\/annuaires\/wp-content\/uploads\/2020\/07\/FUMISTE.png\" target=\"_blank\" rel=\"noopener noreferrer\"><span style=\"color: #008000;\">fumiste<\/span><\/a><\/em><\/strong><\/h4>\n<p>&nbsp;<\/p>\n<p style=\"text-align: center;\">n\u00e9 \u00e0 Lescheroux (01)<\/p>\n<p style=\"text-align: center;\">le 12 d\u00e9cembre 1864<\/p>\n<p style=\"text-align: center;\">fils de<\/p>\n<p style=\"text-align: center;\">Antoine LEBRAUD, <span style=\"color: #008000;\"><strong>ma\u00e7on<\/strong><\/span><\/p>\n<p style=\"text-align: center;\">Marie LEPAYSAN, cultivatrice<\/p>\n<p style=\"text-align: center;\"><span style=\"color: #ffffff;\">\u25d9<\/span><\/p>\n<p><strong>En 1887<\/strong><em>, Fran\u00e7ois habite Masgrangeas, commune de Roy\u00e8re, avec sa m\u00e8re.<\/em><\/p>\n<p><em> La m\u00eame ann\u00e9e, il travaille \u00e0 <\/em><span style=\"color: #0000ff;\"><strong>Lyon (69)<\/strong><\/span><em>, logeant 42, rue Grol\u00e9e, puis \u00e0 <\/em><span style=\"color: #ff6600;\"><strong>Barcelone<\/strong> <strong>(ESPAGNE)<\/strong><\/span><em> pour l\u2019usine \u00e0 gaz.<\/em><\/p>\n<p><strong>En 1888<\/strong><em>, il est \u00e0 <\/em><span style=\"color: #0000ff;\"><strong>Saint-Fons (69)<\/strong><\/span><em>.<\/em><\/p>\n<p><em> Il y \u00e9pouse Jeanne <\/em><strong>RAPILLARD<\/strong><em>, repasseuse, le 17 mai de la m\u00eame ann\u00e9e.<\/em><\/p>\n<p><em>Les \u00e9poux habitent Saint-Fons, 28, rue de l\u2019Industrie.<\/em><\/p>\n<p><em>Ils y d\u00e9c\u00e8dent\u00a0:<\/em><\/p>\n<ul>\n<li><em>Fran\u00e7ois, le 21 ao\u00fbt <\/em><strong>1900<\/strong><em>, \u00e2g\u00e9 de 35 ans<\/em><\/li>\n<li><em>Jeanne, d\u00e9bitante de boissons, le 11 juin <\/em><strong>1903<\/strong><em>, \u00e2g\u00e9e de 37 ans<\/em><\/li>\n<\/ul>\n<p><strong><br \/>\n<\/strong><\/p>\n<p>&nbsp;<\/p>\n","protected":false},"excerpt":{"rendered":"<p>Mis \u00e0 jour le : 28\/04\/2026Fran\u00e7ois LEBRAUD Fran\u00e7ois LEBRAUD l\u2019a\u00een\u00e9 1864 \u2013 1900 ma\u00e7on et\u00a0\u25bafumiste &nbsp; n\u00e9 \u00e0 Lescheroux (01) le 12 d\u00e9cembre 1864 fils de Antoine LEBRAUD, ma\u00e7on Marie LEPAYSAN, cultivatrice \u25d9 En 1887, Fran\u00e7ois habite Masgrangeas, commune de Roy\u00e8re, avec sa m\u00e8re. La m\u00eame ann\u00e9e, il travaille \u00e0 Lyon (69), logeant 42, rue ..<\/p>\n<div class=\"clear-fix\"><\/div>\n<p><a href=\"https:\/\/www.lesmaconsdelacreuse.fr\/annuaires\/lettre-l\/l_768\/\" title=\"Lire la suite...\">Lire la suite<\/a><\/p>\n","protected":false},"author":6,"featured_media":0,"comment_status":"closed","ping_status":"closed","sticky":false,"template":"","format":"standard","meta":{"_acf_changed":false,"_exactmetrics_skip_tracking":false,"_exactmetrics_sitenote_active":false,"_exactmetrics_sitenote_note":"","_exactmetrics_sitenote_category":0,"footnotes":""},"categories":[19],"tags":[],"class_list":["post-6854","post","type-post","status-publish","format-standard","hentry","category-lettre-l"],"acf":[],"_links":{"self":[{"href":"https:\/\/www.lesmaconsdelacreuse.fr\/annuaires\/wp-json\/wp\/v2\/posts\/6854","targetHints":{"allow":["GET"]}}],"collection":[{"href":"https:\/\/www.lesmaconsdelacreuse.fr\/annuaires\/wp-json\/wp\/v2\/posts"}],"about":[{"href":"https:\/\/www.lesmaconsdelacreuse.fr\/annuaires\/wp-json\/wp\/v2\/types\/post"}],"author":[{"embeddable":true,"href":"https:\/\/www.lesmaconsdelacreuse.fr\/annuaires\/wp-json\/wp\/v2\/users\/6"}],"replies":[{"embeddable":true,"href":"https:\/\/www.lesmaconsdelacreuse.fr\/annuaires\/wp-json\/wp\/v2\/comments?post=6854"}],"version-history":[{"count":2,"href":"https:\/\/www.lesmaconsdelacreuse.fr\/annuaires\/wp-json\/wp\/v2\/posts\/6854\/revisions"}],"predecessor-version":[{"id":197356,"href":"https:\/\/www.lesmaconsdelacreuse.fr\/annuaires\/wp-json\/wp\/v2\/posts\/6854\/revisions\/197356"}],"wp:attachment":[{"href":"https:\/\/www.lesmaconsdelacreuse.fr\/annuaires\/wp-json\/wp\/v2\/media?parent=6854"}],"wp:term":[{"taxonomy":"category","embeddable":true,"href":"https:\/\/www.lesmaconsdelacreuse.fr\/annuaires\/wp-json\/wp\/v2\/categories?post=6854"},{"taxonomy":"post_tag","embeddable":true,"href":"https:\/\/www.lesmaconsdelacreuse.fr\/annuaires\/wp-json\/wp\/v2\/tags?post=6854"}],"curies":[{"name":"wp","href":"https:\/\/api.w.org\/{rel}","templated":true}]}}