{"id":6860,"date":"2019-07-28T13:39:59","date_gmt":"2019-07-28T11:39:59","guid":{"rendered":"http:\/\/lesmaconsdelacreuse.fr\/annuaire\/?p=6860"},"modified":"2020-01-20T11:27:51","modified_gmt":"2020-01-20T10:27:51","slug":"l_724","status":"publish","type":"post","link":"https:\/\/www.lesmaconsdelacreuse.fr\/annuaires\/lettre-l\/l_724\/","title":{"rendered":"LEBLANC Pierre (1857-1936)"},"content":{"rendered":"<p class=\"last-updated\"><strong>Mis \u00e0 jour le :<\/strong> 28\/04\/2026<\/p><h2 style=\"text-align: center;\"><strong>Pierre LEBLANC<\/strong><\/h2>\n<p style=\"text-align: center;\"><strong>1857 \u2013 1936<\/strong><\/p>\n<p style=\"text-align: center;\"><img decoding=\"async\" title=\"\" src=\"https:\/\/lesmaconsdelacreuse.fr\/annuaire\/wp-content\/uploads\/2019\/07\/image1-1739.jpg\" alt=\"\" data-source-id=\"i.0\" data-asset-id=\"6857\" \/><\/p>\n<h4 style=\"text-align: center;\"><span style=\"color: #008000;\"><strong>ma\u00e7on <\/strong>et <strong>propri\u00e9taire cultivateur<\/strong><\/span><\/h4>\n<p style=\"text-align: center;\">n\u00e9 \u00e0 La Borderie (Saint-Pierre-le-Bost)<\/p>\n<p style=\"text-align: center;\">le 30 avril 1857<\/p>\n<p style=\"text-align: center;\">fils de<\/p>\n<p style=\"text-align: center;\">Jean LEBLANC, <span style=\"color: #008000;\"><strong>ma\u00e7on <\/strong><\/span>et<strong> <span style=\"color: #008000;\">tailleur de pierre<\/span><\/strong><\/p>\n<p style=\"text-align: center;\">Th\u00e9r\u00e8se JARRY<\/p>\n<p style=\"text-align: center;\">propri\u00e9taires cultivateurs<\/p>\n<p style=\"text-align: center;\"><span style=\"color: #ffffff;\">\u25d9<\/span><\/p>\n<p><em>Pierre \u00e9pouse Marie <\/em><strong>FARGES<\/strong><em> le 9 f\u00e9vrier <\/em><strong>1884<\/strong><em> \u00e0 Saint-Pierre-le-Bost (contrat Toumieux \u00e0 Roy\u00e8re)\u00a0; il ne sait pas encore signer.<\/em><\/p>\n<p><em> Ils habitent le village de La Borderie.<\/em><\/p>\n<p><em> Ils y d\u00e9c\u00e8dent\u00a0:<\/em><\/p>\n<ul>\n<li><em>Marie, le 15 juillet <\/em><strong>1903<\/strong>,<em> \u00e2g\u00e9e de 44 ans<\/em><\/li>\n<li><em>Pierre, le 10 d\u00e9cembre <\/em><strong>1936<\/strong><em>, \u00e2g\u00e9 de 79 ans<\/em><\/li>\n<\/ul>\n","protected":false},"excerpt":{"rendered":"<p>Mis \u00e0 jour le : 28\/04\/2026Pierre LEBLANC 1857 \u2013 1936 ma\u00e7on et propri\u00e9taire cultivateur n\u00e9 \u00e0 La Borderie (Saint-Pierre-le-Bost) le 30 avril 1857 fils de Jean LEBLANC, ma\u00e7on et tailleur de pierre Th\u00e9r\u00e8se JARRY propri\u00e9taires cultivateurs \u25d9 Pierre \u00e9pouse Marie FARGES le 9 f\u00e9vrier 1884 \u00e0 Saint-Pierre-le-Bost (contrat Toumieux \u00e0 Roy\u00e8re)\u00a0; il ne sait pas ..<\/p>\n<div class=\"clear-fix\"><\/div>\n<p><a href=\"https:\/\/www.lesmaconsdelacreuse.fr\/annuaires\/lettre-l\/l_724\/\" title=\"Lire la suite...\">Lire la suite<\/a><\/p>\n","protected":false},"author":6,"featured_media":0,"comment_status":"closed","ping_status":"closed","sticky":false,"template":"","format":"standard","meta":{"_acf_changed":false,"_exactmetrics_skip_tracking":false,"_exactmetrics_sitenote_active":false,"_exactmetrics_sitenote_note":"","_exactmetrics_sitenote_category":0,"footnotes":""},"categories":[19],"tags":[],"class_list":["post-6860","post","type-post","status-publish","format-standard","hentry","category-lettre-l"],"acf":[],"_links":{"self":[{"href":"https:\/\/www.lesmaconsdelacreuse.fr\/annuaires\/wp-json\/wp\/v2\/posts\/6860","targetHints":{"allow":["GET"]}}],"collection":[{"href":"https:\/\/www.lesmaconsdelacreuse.fr\/annuaires\/wp-json\/wp\/v2\/posts"}],"about":[{"href":"https:\/\/www.lesmaconsdelacreuse.fr\/annuaires\/wp-json\/wp\/v2\/types\/post"}],"author":[{"embeddable":true,"href":"https:\/\/www.lesmaconsdelacreuse.fr\/annuaires\/wp-json\/wp\/v2\/users\/6"}],"replies":[{"embeddable":true,"href":"https:\/\/www.lesmaconsdelacreuse.fr\/annuaires\/wp-json\/wp\/v2\/comments?post=6860"}],"version-history":[{"count":0,"href":"https:\/\/www.lesmaconsdelacreuse.fr\/annuaires\/wp-json\/wp\/v2\/posts\/6860\/revisions"}],"wp:attachment":[{"href":"https:\/\/www.lesmaconsdelacreuse.fr\/annuaires\/wp-json\/wp\/v2\/media?parent=6860"}],"wp:term":[{"taxonomy":"category","embeddable":true,"href":"https:\/\/www.lesmaconsdelacreuse.fr\/annuaires\/wp-json\/wp\/v2\/categories?post=6860"},{"taxonomy":"post_tag","embeddable":true,"href":"https:\/\/www.lesmaconsdelacreuse.fr\/annuaires\/wp-json\/wp\/v2\/tags?post=6860"}],"curies":[{"name":"wp","href":"https:\/\/api.w.org\/{rel}","templated":true}]}}